{"id":53,"date":"2025-07-26T16:25:11","date_gmt":"2025-07-26T14:25:11","guid":{"rendered":"https:\/\/svenskahogtider.se\/pingst\/?p=53"},"modified":"2025-07-26T16:25:11","modified_gmt":"2025-07-26T14:25:11","slug":"varfor-firar-vi-pingst","status":"publish","type":"post","link":"https:\/\/svenskahogtider.se\/pingst\/traditioner\/varfor-firar-vi-pingst\/","title":{"rendered":"Varf\u00f6r firar vi pingst ?"},"content":{"rendered":"\n<p>Pingst \u00e4r en av kristendomens viktigaste h\u00f6gtider och firas till minne av den helige Andes utgjutelse \u00f6ver Jesu l\u00e4rjungar. H\u00f6gtiden infaller 50 dagar efter p\u00e5skdagen och har d\u00e4rf\u00f6r f\u00e5tt sitt namn fr\u00e5n det grekiska ordet&nbsp;<em>pentekost\u00e9<\/em>, som betyder &#8221;den femtionde dagen&#8221;.<\/p>\n\n\n\n<p>Enligt Bibeln samlades l\u00e4rjungarna i Jerusalem under den judiska h\u00f6gtiden Shavuot n\u00e4r n\u00e5got m\u00e4rkligt intr\u00e4ffade. Det bl\u00e5ste pl\u00f6tsligt en stark vind och tungor av eld syntes \u00f6ver deras huvuden. De fylldes av den helige Ande och b\u00f6rjade tala olika spr\u00e5k. Detta betraktas som den kristna kyrkans f\u00f6delsedag, eftersom l\u00e4rjungarna d\u00e4refter gick ut och b\u00f6rjade predika budskapet om Jesus till m\u00e4nniskor \u00f6ver hela v\u00e4rlden.<\/p>\n\n\n\n<p>I Sverige har pingsten historiskt varit en av de mest uppskattade h\u00f6gtiderna under \u00e5ret. Den f\u00f6rknippas inte bara med religi\u00f6sa ceremonier utan \u00e4ven med v\u00e5rens fulla blomning, gr\u00f6nska, f\u00e5gels\u00e5ng och konfirmationer. Under 1900-talet kallades pingsten ofta f\u00f6r &#8221;de svenska br\u00f6llopens helg&#8221;, eftersom m\u00e5nga gifte sig just d\u00e5, ofta i samband med l\u00e5ngledigheten.<\/p>\n\n\n\n<p>Tidigare var annandag pingst en r\u00f6d dag i kalendern, vilket gav m\u00e5nga svenskar en l\u00e5nghelg i maj eller b\u00f6rjan av juni. Men \u00e5r 2005 togs annandag pingst bort som helgdag och ersattes av nationaldagen den 6 juni.<\/p>\n\n\n\n<p>\u00c4ven om det kyrkliga firandet inte \u00e4r lika centralt f\u00f6r alla i dag, lever m\u00e5nga traditioner kvar. I m\u00e5nga f\u00f6rsamlingar h\u00e5lls pingstgudstj\u00e4nster, ofta utomhus i det gr\u00f6na. Konfirmationer och dop \u00e4r ocks\u00e5 vanliga under denna tid. Och f\u00f6r m\u00e5nga \u00e4r pingsthelgen en tid f\u00f6r stillhet, naturupplevelser och v\u00e5rk\u00e4nslor.<\/p>\n\n\n\n<p>Pingsten p\u00e5minner oss om andlig f\u00f6rnyelse, gemenskap och att n\u00e5got nytt kan ta sin b\u00f6rjan \u2013 precis som v\u00e5ren sj\u00e4lv.<\/p>\n","protected":false},"excerpt":{"rendered":"<p>Pingst \u00e4r en av kristendomens viktigaste h\u00f6gtider och firas till minne av den helige Andes utgjutelse \u00f6ver Jesu l\u00e4rjungar. H\u00f6gtiden infaller 50 dagar efter p\u00e5skdagen och har d\u00e4rf\u00f6r f\u00e5tt sitt namn fr\u00e5n det grekiska ordet&nbsp;pentekost\u00e9, som betyder &#8221;den femtionde dagen&#8221;. Enligt Bibeln samlades l\u00e4rjungarna i Jerusalem under den judiska h\u00f6gtiden Shavuot n\u00e4r n\u00e5got m\u00e4rkligt intr\u00e4ffade. [&hellip;]<\/p>\n","protected":false},"author":1,"featured_media":0,"comment_status":"open","ping_status":"open","sticky":false,"template":"","format":"standard","meta":{"_acf_changed":false,"footnotes":""},"categories":[4],"tags":[],"class_list":["post-53","post","type-post","status-publish","format-standard","hentry","category-traditioner"],"acf":[],"yoast_head":"<!-- This site is optimized with the Yoast SEO plugin v27.5 - https:\/\/yoast.com\/product\/yoast-seo-wordpress\/ -->\n<title>Varf\u00f6r firar vi pingst ? - Pingst<\/title>\n<meta name=\"robots\" content=\"index, follow, max-snippet:-1, max-image-preview:large, max-video-preview:-1\" \/>\n<link rel=\"canonical\" href=\"https:\/\/svenskahogtider.se\/pingst\/traditioner\/varfor-firar-vi-pingst\/\" \/>\n<meta property=\"og:locale\" content=\"sv_SE\" \/>\n<meta property=\"og:type\" content=\"article\" \/>\n<meta property=\"og:title\" content=\"Varf\u00f6r firar vi pingst ? - Pingst\" \/>\n<meta property=\"og:description\" content=\"Pingst \u00e4r en av kristendomens viktigaste h\u00f6gtider och firas till minne av den helige Andes utgjutelse \u00f6ver Jesu l\u00e4rjungar. H\u00f6gtiden infaller 50 dagar efter p\u00e5skdagen och har d\u00e4rf\u00f6r f\u00e5tt sitt namn fr\u00e5n det grekiska ordet&nbsp;pentekost\u00e9, som betyder &#8221;den femtionde dagen&#8221;. Enligt Bibeln samlades l\u00e4rjungarna i Jerusalem under den judiska h\u00f6gtiden Shavuot n\u00e4r n\u00e5got m\u00e4rkligt intr\u00e4ffade. [&hellip;]\" \/>\n<meta property=\"og:url\" content=\"https:\/\/svenskahogtider.se\/pingst\/traditioner\/varfor-firar-vi-pingst\/\" \/>\n<meta property=\"og:site_name\" content=\"Pingst\" \/>\n<meta property=\"article:published_time\" content=\"2025-07-26T14:25:11+00:00\" \/>\n<meta name=\"author\" content=\"nicklas@16000.se\" \/>\n<meta name=\"twitter:card\" content=\"summary_large_image\" \/>\n<meta name=\"twitter:label1\" content=\"Skriven av\" \/>\n\t<meta name=\"twitter:data1\" content=\"nicklas@16000.se\" \/>\n\t<meta name=\"twitter:label2\" content=\"Ber\u00e4knad l\u00e4stid\" \/>\n\t<meta name=\"twitter:data2\" content=\"2 minuter\" \/>\n<script type=\"application\/ld+json\" class=\"yoast-schema-graph\">{\"@context\":\"https:\\\/\\\/schema.org\",\"@graph\":[{\"@type\":\"Article\",\"@id\":\"https:\\\/\\\/svenskahogtider.se\\\/pingst\\\/traditioner\\\/varfor-firar-vi-pingst\\\/#article\",\"isPartOf\":{\"@id\":\"https:\\\/\\\/svenskahogtider.se\\\/pingst\\\/traditioner\\\/varfor-firar-vi-pingst\\\/\"},\"author\":{\"name\":\"nicklas@16000.se\",\"@id\":\"https:\\\/\\\/svenskahogtider.se\\\/pingst\\\/#\\\/schema\\\/person\\\/e70b2abc5cbaaa0e031e31843a1ae26b\"},\"headline\":\"Varf\u00f6r firar vi pingst ?\",\"datePublished\":\"2025-07-26T14:25:11+00:00\",\"mainEntityOfPage\":{\"@id\":\"https:\\\/\\\/svenskahogtider.se\\\/pingst\\\/traditioner\\\/varfor-firar-vi-pingst\\\/\"},\"wordCount\":320,\"commentCount\":0,\"articleSection\":[\"Traditioner\"],\"inLanguage\":\"sv-SE\",\"potentialAction\":[{\"@type\":\"CommentAction\",\"name\":\"Comment\",\"target\":[\"https:\\\/\\\/svenskahogtider.se\\\/pingst\\\/traditioner\\\/varfor-firar-vi-pingst\\\/#respond\"]}]},{\"@type\":\"WebPage\",\"@id\":\"https:\\\/\\\/svenskahogtider.se\\\/pingst\\\/traditioner\\\/varfor-firar-vi-pingst\\\/\",\"url\":\"https:\\\/\\\/svenskahogtider.se\\\/pingst\\\/traditioner\\\/varfor-firar-vi-pingst\\\/\",\"name\":\"Varf\u00f6r firar vi pingst ? - Pingst\",\"isPartOf\":{\"@id\":\"https:\\\/\\\/svenskahogtider.se\\\/pingst\\\/#website\"},\"datePublished\":\"2025-07-26T14:25:11+00:00\",\"author\":{\"@id\":\"https:\\\/\\\/svenskahogtider.se\\\/pingst\\\/#\\\/schema\\\/person\\\/e70b2abc5cbaaa0e031e31843a1ae26b\"},\"breadcrumb\":{\"@id\":\"https:\\\/\\\/svenskahogtider.se\\\/pingst\\\/traditioner\\\/varfor-firar-vi-pingst\\\/#breadcrumb\"},\"inLanguage\":\"sv-SE\",\"potentialAction\":[{\"@type\":\"ReadAction\",\"target\":[\"https:\\\/\\\/svenskahogtider.se\\\/pingst\\\/traditioner\\\/varfor-firar-vi-pingst\\\/\"]}]},{\"@type\":\"BreadcrumbList\",\"@id\":\"https:\\\/\\\/svenskahogtider.se\\\/pingst\\\/traditioner\\\/varfor-firar-vi-pingst\\\/#breadcrumb\",\"itemListElement\":[{\"@type\":\"ListItem\",\"position\":1,\"name\":\"Hem\",\"item\":\"https:\\\/\\\/svenskahogtider.se\\\/pingst\\\/\"},{\"@type\":\"ListItem\",\"position\":2,\"name\":\"Varf\u00f6r firar vi pingst ?\"}]},{\"@type\":\"WebSite\",\"@id\":\"https:\\\/\\\/svenskahogtider.se\\\/pingst\\\/#website\",\"url\":\"https:\\\/\\\/svenskahogtider.se\\\/pingst\\\/\",\"name\":\"Pingst\",\"description\":\"\",\"potentialAction\":[{\"@type\":\"SearchAction\",\"target\":{\"@type\":\"EntryPoint\",\"urlTemplate\":\"https:\\\/\\\/svenskahogtider.se\\\/pingst\\\/?s={search_term_string}\"},\"query-input\":{\"@type\":\"PropertyValueSpecification\",\"valueRequired\":true,\"valueName\":\"search_term_string\"}}],\"inLanguage\":\"sv-SE\"},{\"@type\":\"Person\",\"@id\":\"https:\\\/\\\/svenskahogtider.se\\\/pingst\\\/#\\\/schema\\\/person\\\/e70b2abc5cbaaa0e031e31843a1ae26b\",\"name\":\"nicklas@16000.se\",\"image\":{\"@type\":\"ImageObject\",\"inLanguage\":\"sv-SE\",\"@id\":\"https:\\\/\\\/secure.gravatar.com\\\/avatar\\\/1d699a22ddc86727c93b8be49a2bf811457b4a1947543d7023ad344be400fbcb?s=96&d=mm&r=g\",\"url\":\"https:\\\/\\\/secure.gravatar.com\\\/avatar\\\/1d699a22ddc86727c93b8be49a2bf811457b4a1947543d7023ad344be400fbcb?s=96&d=mm&r=g\",\"contentUrl\":\"https:\\\/\\\/secure.gravatar.com\\\/avatar\\\/1d699a22ddc86727c93b8be49a2bf811457b4a1947543d7023ad344be400fbcb?s=96&d=mm&r=g\",\"caption\":\"nicklas@16000.se\"},\"sameAs\":[\"https:\\\/\\\/svenskahogtider.se\"],\"url\":\"https:\\\/\\\/svenskahogtider.se\\\/pingst\\\/author\\\/nicklas16000-se\\\/\"}]}<\/script>\n<!-- \/ Yoast SEO plugin. -->","yoast_head_json":{"title":"Varf\u00f6r firar vi pingst ? - Pingst","robots":{"index":"index","follow":"follow","max-snippet":"max-snippet:-1","max-image-preview":"max-image-preview:large","max-video-preview":"max-video-preview:-1"},"canonical":"https:\/\/svenskahogtider.se\/pingst\/traditioner\/varfor-firar-vi-pingst\/","og_locale":"sv_SE","og_type":"article","og_title":"Varf\u00f6r firar vi pingst ? - Pingst","og_description":"Pingst \u00e4r en av kristendomens viktigaste h\u00f6gtider och firas till minne av den helige Andes utgjutelse \u00f6ver Jesu l\u00e4rjungar. H\u00f6gtiden infaller 50 dagar efter p\u00e5skdagen och har d\u00e4rf\u00f6r f\u00e5tt sitt namn fr\u00e5n det grekiska ordet&nbsp;pentekost\u00e9, som betyder &#8221;den femtionde dagen&#8221;. Enligt Bibeln samlades l\u00e4rjungarna i Jerusalem under den judiska h\u00f6gtiden Shavuot n\u00e4r n\u00e5got m\u00e4rkligt intr\u00e4ffade. [&hellip;]","og_url":"https:\/\/svenskahogtider.se\/pingst\/traditioner\/varfor-firar-vi-pingst\/","og_site_name":"Pingst","article_published_time":"2025-07-26T14:25:11+00:00","author":"nicklas@16000.se","twitter_card":"summary_large_image","twitter_misc":{"Skriven av":"nicklas@16000.se","Ber\u00e4knad l\u00e4stid":"2 minuter"},"schema":{"@context":"https:\/\/schema.org","@graph":[{"@type":"Article","@id":"https:\/\/svenskahogtider.se\/pingst\/traditioner\/varfor-firar-vi-pingst\/#article","isPartOf":{"@id":"https:\/\/svenskahogtider.se\/pingst\/traditioner\/varfor-firar-vi-pingst\/"},"author":{"name":"nicklas@16000.se","@id":"https:\/\/svenskahogtider.se\/pingst\/#\/schema\/person\/e70b2abc5cbaaa0e031e31843a1ae26b"},"headline":"Varf\u00f6r firar vi pingst ?","datePublished":"2025-07-26T14:25:11+00:00","mainEntityOfPage":{"@id":"https:\/\/svenskahogtider.se\/pingst\/traditioner\/varfor-firar-vi-pingst\/"},"wordCount":320,"commentCount":0,"articleSection":["Traditioner"],"inLanguage":"sv-SE","potentialAction":[{"@type":"CommentAction","name":"Comment","target":["https:\/\/svenskahogtider.se\/pingst\/traditioner\/varfor-firar-vi-pingst\/#respond"]}]},{"@type":"WebPage","@id":"https:\/\/svenskahogtider.se\/pingst\/traditioner\/varfor-firar-vi-pingst\/","url":"https:\/\/svenskahogtider.se\/pingst\/traditioner\/varfor-firar-vi-pingst\/","name":"Varf\u00f6r firar vi pingst ? - Pingst","isPartOf":{"@id":"https:\/\/svenskahogtider.se\/pingst\/#website"},"datePublished":"2025-07-26T14:25:11+00:00","author":{"@id":"https:\/\/svenskahogtider.se\/pingst\/#\/schema\/person\/e70b2abc5cbaaa0e031e31843a1ae26b"},"breadcrumb":{"@id":"https:\/\/svenskahogtider.se\/pingst\/traditioner\/varfor-firar-vi-pingst\/#breadcrumb"},"inLanguage":"sv-SE","potentialAction":[{"@type":"ReadAction","target":["https:\/\/svenskahogtider.se\/pingst\/traditioner\/varfor-firar-vi-pingst\/"]}]},{"@type":"BreadcrumbList","@id":"https:\/\/svenskahogtider.se\/pingst\/traditioner\/varfor-firar-vi-pingst\/#breadcrumb","itemListElement":[{"@type":"ListItem","position":1,"name":"Hem","item":"https:\/\/svenskahogtider.se\/pingst\/"},{"@type":"ListItem","position":2,"name":"Varf\u00f6r firar vi pingst ?"}]},{"@type":"WebSite","@id":"https:\/\/svenskahogtider.se\/pingst\/#website","url":"https:\/\/svenskahogtider.se\/pingst\/","name":"Pingst","description":"","potentialAction":[{"@type":"SearchAction","target":{"@type":"EntryPoint","urlTemplate":"https:\/\/svenskahogtider.se\/pingst\/?s={search_term_string}"},"query-input":{"@type":"PropertyValueSpecification","valueRequired":true,"valueName":"search_term_string"}}],"inLanguage":"sv-SE"},{"@type":"Person","@id":"https:\/\/svenskahogtider.se\/pingst\/#\/schema\/person\/e70b2abc5cbaaa0e031e31843a1ae26b","name":"nicklas@16000.se","image":{"@type":"ImageObject","inLanguage":"sv-SE","@id":"https:\/\/secure.gravatar.com\/avatar\/1d699a22ddc86727c93b8be49a2bf811457b4a1947543d7023ad344be400fbcb?s=96&d=mm&r=g","url":"https:\/\/secure.gravatar.com\/avatar\/1d699a22ddc86727c93b8be49a2bf811457b4a1947543d7023ad344be400fbcb?s=96&d=mm&r=g","contentUrl":"https:\/\/secure.gravatar.com\/avatar\/1d699a22ddc86727c93b8be49a2bf811457b4a1947543d7023ad344be400fbcb?s=96&d=mm&r=g","caption":"nicklas@16000.se"},"sameAs":["https:\/\/svenskahogtider.se"],"url":"https:\/\/svenskahogtider.se\/pingst\/author\/nicklas16000-se\/"}]}},"_links":{"self":[{"href":"https:\/\/svenskahogtider.se\/pingst\/wp-json\/wp\/v2\/posts\/53","targetHints":{"allow":["GET"]}}],"collection":[{"href":"https:\/\/svenskahogtider.se\/pingst\/wp-json\/wp\/v2\/posts"}],"about":[{"href":"https:\/\/svenskahogtider.se\/pingst\/wp-json\/wp\/v2\/types\/post"}],"author":[{"embeddable":true,"href":"https:\/\/svenskahogtider.se\/pingst\/wp-json\/wp\/v2\/users\/1"}],"replies":[{"embeddable":true,"href":"https:\/\/svenskahogtider.se\/pingst\/wp-json\/wp\/v2\/comments?post=53"}],"version-history":[{"count":1,"href":"https:\/\/svenskahogtider.se\/pingst\/wp-json\/wp\/v2\/posts\/53\/revisions"}],"predecessor-version":[{"id":54,"href":"https:\/\/svenskahogtider.se\/pingst\/wp-json\/wp\/v2\/posts\/53\/revisions\/54"}],"wp:attachment":[{"href":"https:\/\/svenskahogtider.se\/pingst\/wp-json\/wp\/v2\/media?parent=53"}],"wp:term":[{"taxonomy":"category","embeddable":true,"href":"https:\/\/svenskahogtider.se\/pingst\/wp-json\/wp\/v2\/categories?post=53"},{"taxonomy":"post_tag","embeddable":true,"href":"https:\/\/svenskahogtider.se\/pingst\/wp-json\/wp\/v2\/tags?post=53"}],"curies":[{"name":"wp","href":"https:\/\/api.w.org\/{rel}","templated":true}]}}