{"id":84,"date":"2026-02-07T12:01:45","date_gmt":"2026-02-07T11:01:45","guid":{"rendered":"https:\/\/svenskahogtider.se\/pask\/?p=84"},"modified":"2026-02-07T16:41:52","modified_gmt":"2026-02-07T15:41:52","slug":"paskagg","status":"publish","type":"post","link":"https:\/\/svenskahogtider.se\/pask\/traditioner\/paskagg\/","title":{"rendered":"P\u00e5sk\u00e4gg"},"content":{"rendered":"\n<h2 class=\"wp-block-heading\">Fr\u00e5n kristen symbol till f\u00e4rgstark tradition<\/h2>\n\n\n\n<p>P\u00e5sk\u00e4gget \u00e4r en av v\u00e5ra mest \u00e4lskade symboler, men dess historia str\u00e4cker sig l\u00e5ngt bortom de f\u00e4rgglada papp\u00e4gg fyllda med godis som vi ser i butikerna idag. \u00c4gget har i \u00e5rtusenden varit en universell symbol f\u00f6r liv, \u00e5terf\u00f6delse och fruktbarhet, och dess koppling till p\u00e5sken \u00e4r en fascinerande blandning av religi\u00f6sa regler och folklig tradition.<\/p>\n\n\n\n<h3 class=\"wp-block-heading\">Symbolik och kristen tradition<\/h3>\n\n\n\n<p>Inom kristendomen symboliserar \u00e4gget Jesu uppst\u00e5ndelse; det h\u00e5rda skalet liknas vid graven, som bryts upp f\u00f6r att sl\u00e4ppa ut nytt liv. Men den praktiska anledningen till att vi \u00e4ter s\u00e5 mycket \u00e4gg just under p\u00e5sken har en mer jordn\u00e4ra f\u00f6rklaring. Under den 40 dagar l\u00e5nga fastan f\u00f6re p\u00e5sk var det f\u00f6rr f\u00f6rbjudet att \u00e4ta \u00e4gg. Samtidigt fortsatte h\u00f6norna att v\u00e4rpa i v\u00e5rsolen. N\u00e4r p\u00e5skdagen \u00e4ntligen kom fanns det d\u00e4rf\u00f6r ett enormt \u00f6verskott av \u00e4gg, vilket gjorde dem till den sj\u00e4lvklara festmaten.<\/p>\n\n\n\n<h3 class=\"wp-block-heading\">Fr\u00e5n h\u00f6ns\u00e4gg till sockerchock<\/h3>\n\n\n\n<p>Traditionen att dekorera \u00e4gg \u00e4r mycket gammal. Redan under medeltiden f\u00e4rgades \u00e4gg, ofta med hj\u00e4lp av naturmaterial som l\u00f6ksskal (f\u00f6r gula\/bruna toner) eller bj\u00f6rkblad (f\u00f6r gr\u00f6nt). Att ge bort vackert dekorerade \u00e4gg blev en viktig social gest.<\/p>\n\n\n\n<p>I Sverige b\u00f6rjade vi inte med de stora papp\u00e4ggen f\u00f6rr\u00e4n under 1800-talet. Inspirationen kom fr\u00e5n Tyskland och Frankrike, d\u00e4r konditorer b\u00f6rjade tillverka exklusiva \u00e4gg i socker eller choklad. Idag \u00e4r Sverige ett av de l\u00e4nder i v\u00e4rlden som \u00e4ter mest godis per capita under p\u00e5skhelgen. Det klassiska p\u00e5sk\u00e4gget har transformerats fr\u00e5n ett enkelt f\u00f6do\u00e4mne till en f\u00e4rgsprakande beh\u00e5llare f\u00f6r &#8221;l\u00f6sviktsgodis&#8221;.<br>Traditionerna kring p\u00e5sk\u00e4ggen fyllda med godis eller presenter varierar mellan olika familjer. En del barn vaknar p\u00e5 morgonen och ser att \u00e4ggen om st\u00e4llts fram i f\u00f6rv\u00e4g \u00e4r fyllda med godis. I andra hem f\u00e5r man leta upp \u00e4gg i huset som <a href=\"https:\/\/svenskahogtider.se\/pask\/traditioner\/paskharen\/\" type=\"post\" id=\"16\">p\u00e5skharen<\/a> g\u00f6mt under natten.<\/p>\n\n\n\n<p>Oavsett om du f\u00f6redrar ett h\u00e5rdkokt \u00e4gg p\u00e5 frukostbordet eller ett fyllt med chokladtryffel, b\u00e4r p\u00e5sk\u00e4gget med sig ett budskap som \u00f6verlevt i \u00e5rtusenden: ljuset och livet \u00e5terv\u00e4nder alltid efter vintern.<\/p>\n","protected":false},"excerpt":{"rendered":"<p>Fr\u00e5n kristen symbol till f\u00e4rgstark tradition P\u00e5sk\u00e4gget \u00e4r en av v\u00e5ra mest \u00e4lskade symboler, men dess historia str\u00e4cker sig l\u00e5ngt bortom de f\u00e4rgglada papp\u00e4gg fyllda med godis som vi ser i butikerna idag. \u00c4gget har i \u00e5rtusenden varit en universell symbol f\u00f6r liv, \u00e5terf\u00f6delse och fruktbarhet, och dess koppling till p\u00e5sken \u00e4r en fascinerande blandning [&hellip;]<\/p>\n","protected":false},"author":1,"featured_media":89,"comment_status":"open","ping_status":"open","sticky":false,"template":"","format":"standard","meta":{"_acf_changed":false,"footnotes":""},"categories":[2],"tags":[],"class_list":["post-84","post","type-post","status-publish","format-standard","has-post-thumbnail","hentry","category-traditioner"],"acf":[],"yoast_head":"<!-- This site is optimized with the Yoast SEO plugin v27.4 - https:\/\/yoast.com\/product\/yoast-seo-wordpress\/ -->\n<title>P\u00e5sk\u00e4gg - P\u00e5sk<\/title>\n<meta name=\"robots\" content=\"index, follow, max-snippet:-1, max-image-preview:large, max-video-preview:-1\" \/>\n<link rel=\"canonical\" href=\"https:\/\/svenskahogtider.se\/pask\/traditioner\/paskagg\/\" \/>\n<meta property=\"og:locale\" content=\"sv_SE\" \/>\n<meta property=\"og:type\" content=\"article\" \/>\n<meta property=\"og:title\" content=\"P\u00e5sk\u00e4gg - P\u00e5sk\" \/>\n<meta property=\"og:description\" content=\"Fr\u00e5n kristen symbol till f\u00e4rgstark tradition P\u00e5sk\u00e4gget \u00e4r en av v\u00e5ra mest \u00e4lskade symboler, men dess historia str\u00e4cker sig l\u00e5ngt bortom de f\u00e4rgglada papp\u00e4gg fyllda med godis som vi ser i butikerna idag. \u00c4gget har i \u00e5rtusenden varit en universell symbol f\u00f6r liv, \u00e5terf\u00f6delse och fruktbarhet, och dess koppling till p\u00e5sken \u00e4r en fascinerande blandning [&hellip;]\" \/>\n<meta property=\"og:url\" content=\"https:\/\/svenskahogtider.se\/pask\/traditioner\/paskagg\/\" \/>\n<meta property=\"og:site_name\" content=\"P\u00e5sk\" \/>\n<meta property=\"article:published_time\" content=\"2026-02-07T11:01:45+00:00\" \/>\n<meta property=\"article:modified_time\" content=\"2026-02-07T15:41:52+00:00\" \/>\n<meta property=\"og:image\" content=\"https:\/\/svenskahogtider.se\/pask\/wp-content\/uploads\/sites\/2\/2026\/02\/paskagg.jpg\" \/>\n\t<meta property=\"og:image:width\" content=\"2304\" \/>\n\t<meta property=\"og:image:height\" content=\"1792\" \/>\n\t<meta property=\"og:image:type\" content=\"image\/jpeg\" \/>\n<meta name=\"author\" content=\"nicklas@16000.se\" \/>\n<meta name=\"twitter:card\" content=\"summary_large_image\" \/>\n<meta name=\"twitter:label1\" content=\"Skriven av\" \/>\n\t<meta name=\"twitter:data1\" content=\"nicklas@16000.se\" \/>\n\t<meta name=\"twitter:label2\" content=\"Ber\u00e4knad l\u00e4stid\" \/>\n\t<meta name=\"twitter:data2\" content=\"2 minuter\" \/>\n<script type=\"application\/ld+json\" class=\"yoast-schema-graph\">{\"@context\":\"https:\\\/\\\/schema.org\",\"@graph\":[{\"@type\":\"Article\",\"@id\":\"https:\\\/\\\/svenskahogtider.se\\\/pask\\\/traditioner\\\/paskagg\\\/#article\",\"isPartOf\":{\"@id\":\"https:\\\/\\\/svenskahogtider.se\\\/pask\\\/traditioner\\\/paskagg\\\/\"},\"author\":{\"name\":\"nicklas@16000.se\",\"@id\":\"https:\\\/\\\/svenskahogtider.se\\\/pask\\\/#\\\/schema\\\/person\\\/e70b2abc5cbaaa0e031e31843a1ae26b\"},\"headline\":\"P\u00e5sk\u00e4gg\",\"datePublished\":\"2026-02-07T11:01:45+00:00\",\"dateModified\":\"2026-02-07T15:41:52+00:00\",\"mainEntityOfPage\":{\"@id\":\"https:\\\/\\\/svenskahogtider.se\\\/pask\\\/traditioner\\\/paskagg\\\/\"},\"wordCount\":403,\"commentCount\":0,\"image\":{\"@id\":\"https:\\\/\\\/svenskahogtider.se\\\/pask\\\/traditioner\\\/paskagg\\\/#primaryimage\"},\"thumbnailUrl\":\"https:\\\/\\\/svenskahogtider.se\\\/pask\\\/wp-content\\\/uploads\\\/sites\\\/2\\\/2026\\\/02\\\/paskagg.jpg\",\"articleSection\":[\"Traditioner\"],\"inLanguage\":\"sv-SE\",\"potentialAction\":[{\"@type\":\"CommentAction\",\"name\":\"Comment\",\"target\":[\"https:\\\/\\\/svenskahogtider.se\\\/pask\\\/traditioner\\\/paskagg\\\/#respond\"]}]},{\"@type\":\"WebPage\",\"@id\":\"https:\\\/\\\/svenskahogtider.se\\\/pask\\\/traditioner\\\/paskagg\\\/\",\"url\":\"https:\\\/\\\/svenskahogtider.se\\\/pask\\\/traditioner\\\/paskagg\\\/\",\"name\":\"P\u00e5sk\u00e4gg - P\u00e5sk\",\"isPartOf\":{\"@id\":\"https:\\\/\\\/svenskahogtider.se\\\/pask\\\/#website\"},\"primaryImageOfPage\":{\"@id\":\"https:\\\/\\\/svenskahogtider.se\\\/pask\\\/traditioner\\\/paskagg\\\/#primaryimage\"},\"image\":{\"@id\":\"https:\\\/\\\/svenskahogtider.se\\\/pask\\\/traditioner\\\/paskagg\\\/#primaryimage\"},\"thumbnailUrl\":\"https:\\\/\\\/svenskahogtider.se\\\/pask\\\/wp-content\\\/uploads\\\/sites\\\/2\\\/2026\\\/02\\\/paskagg.jpg\",\"datePublished\":\"2026-02-07T11:01:45+00:00\",\"dateModified\":\"2026-02-07T15:41:52+00:00\",\"author\":{\"@id\":\"https:\\\/\\\/svenskahogtider.se\\\/pask\\\/#\\\/schema\\\/person\\\/e70b2abc5cbaaa0e031e31843a1ae26b\"},\"breadcrumb\":{\"@id\":\"https:\\\/\\\/svenskahogtider.se\\\/pask\\\/traditioner\\\/paskagg\\\/#breadcrumb\"},\"inLanguage\":\"sv-SE\",\"potentialAction\":[{\"@type\":\"ReadAction\",\"target\":[\"https:\\\/\\\/svenskahogtider.se\\\/pask\\\/traditioner\\\/paskagg\\\/\"]}]},{\"@type\":\"ImageObject\",\"inLanguage\":\"sv-SE\",\"@id\":\"https:\\\/\\\/svenskahogtider.se\\\/pask\\\/traditioner\\\/paskagg\\\/#primaryimage\",\"url\":\"https:\\\/\\\/svenskahogtider.se\\\/pask\\\/wp-content\\\/uploads\\\/sites\\\/2\\\/2026\\\/02\\\/paskagg.jpg\",\"contentUrl\":\"https:\\\/\\\/svenskahogtider.se\\\/pask\\\/wp-content\\\/uploads\\\/sites\\\/2\\\/2026\\\/02\\\/paskagg.jpg\",\"width\":2304,\"height\":1792,\"caption\":\"fint m\u00e5lade \u00e4gg\"},{\"@type\":\"BreadcrumbList\",\"@id\":\"https:\\\/\\\/svenskahogtider.se\\\/pask\\\/traditioner\\\/paskagg\\\/#breadcrumb\",\"itemListElement\":[{\"@type\":\"ListItem\",\"position\":1,\"name\":\"Hem\",\"item\":\"https:\\\/\\\/svenskahogtider.se\\\/pask\\\/\"},{\"@type\":\"ListItem\",\"position\":2,\"name\":\"P\u00e5sk\u00e4gg\"}]},{\"@type\":\"WebSite\",\"@id\":\"https:\\\/\\\/svenskahogtider.se\\\/pask\\\/#website\",\"url\":\"https:\\\/\\\/svenskahogtider.se\\\/pask\\\/\",\"name\":\"P\u00e5sk\",\"description\":\"\",\"potentialAction\":[{\"@type\":\"SearchAction\",\"target\":{\"@type\":\"EntryPoint\",\"urlTemplate\":\"https:\\\/\\\/svenskahogtider.se\\\/pask\\\/?s={search_term_string}\"},\"query-input\":{\"@type\":\"PropertyValueSpecification\",\"valueRequired\":true,\"valueName\":\"search_term_string\"}}],\"inLanguage\":\"sv-SE\"},{\"@type\":\"Person\",\"@id\":\"https:\\\/\\\/svenskahogtider.se\\\/pask\\\/#\\\/schema\\\/person\\\/e70b2abc5cbaaa0e031e31843a1ae26b\",\"name\":\"nicklas@16000.se\",\"image\":{\"@type\":\"ImageObject\",\"inLanguage\":\"sv-SE\",\"@id\":\"https:\\\/\\\/secure.gravatar.com\\\/avatar\\\/1d699a22ddc86727c93b8be49a2bf811457b4a1947543d7023ad344be400fbcb?s=96&d=mm&r=g\",\"url\":\"https:\\\/\\\/secure.gravatar.com\\\/avatar\\\/1d699a22ddc86727c93b8be49a2bf811457b4a1947543d7023ad344be400fbcb?s=96&d=mm&r=g\",\"contentUrl\":\"https:\\\/\\\/secure.gravatar.com\\\/avatar\\\/1d699a22ddc86727c93b8be49a2bf811457b4a1947543d7023ad344be400fbcb?s=96&d=mm&r=g\",\"caption\":\"nicklas@16000.se\"},\"sameAs\":[\"https:\\\/\\\/svenskahogtider.se\"],\"url\":\"https:\\\/\\\/svenskahogtider.se\\\/pask\\\/author\\\/nicklas16000-se\\\/\"}]}<\/script>\n<!-- \/ Yoast SEO plugin. -->","yoast_head_json":{"title":"P\u00e5sk\u00e4gg - P\u00e5sk","robots":{"index":"index","follow":"follow","max-snippet":"max-snippet:-1","max-image-preview":"max-image-preview:large","max-video-preview":"max-video-preview:-1"},"canonical":"https:\/\/svenskahogtider.se\/pask\/traditioner\/paskagg\/","og_locale":"sv_SE","og_type":"article","og_title":"P\u00e5sk\u00e4gg - P\u00e5sk","og_description":"Fr\u00e5n kristen symbol till f\u00e4rgstark tradition P\u00e5sk\u00e4gget \u00e4r en av v\u00e5ra mest \u00e4lskade symboler, men dess historia str\u00e4cker sig l\u00e5ngt bortom de f\u00e4rgglada papp\u00e4gg fyllda med godis som vi ser i butikerna idag. \u00c4gget har i \u00e5rtusenden varit en universell symbol f\u00f6r liv, \u00e5terf\u00f6delse och fruktbarhet, och dess koppling till p\u00e5sken \u00e4r en fascinerande blandning [&hellip;]","og_url":"https:\/\/svenskahogtider.se\/pask\/traditioner\/paskagg\/","og_site_name":"P\u00e5sk","article_published_time":"2026-02-07T11:01:45+00:00","article_modified_time":"2026-02-07T15:41:52+00:00","og_image":[{"width":2304,"height":1792,"url":"https:\/\/svenskahogtider.se\/pask\/wp-content\/uploads\/sites\/2\/2026\/02\/paskagg.jpg","type":"image\/jpeg"}],"author":"nicklas@16000.se","twitter_card":"summary_large_image","twitter_misc":{"Skriven av":"nicklas@16000.se","Ber\u00e4knad l\u00e4stid":"2 minuter"},"schema":{"@context":"https:\/\/schema.org","@graph":[{"@type":"Article","@id":"https:\/\/svenskahogtider.se\/pask\/traditioner\/paskagg\/#article","isPartOf":{"@id":"https:\/\/svenskahogtider.se\/pask\/traditioner\/paskagg\/"},"author":{"name":"nicklas@16000.se","@id":"https:\/\/svenskahogtider.se\/pask\/#\/schema\/person\/e70b2abc5cbaaa0e031e31843a1ae26b"},"headline":"P\u00e5sk\u00e4gg","datePublished":"2026-02-07T11:01:45+00:00","dateModified":"2026-02-07T15:41:52+00:00","mainEntityOfPage":{"@id":"https:\/\/svenskahogtider.se\/pask\/traditioner\/paskagg\/"},"wordCount":403,"commentCount":0,"image":{"@id":"https:\/\/svenskahogtider.se\/pask\/traditioner\/paskagg\/#primaryimage"},"thumbnailUrl":"https:\/\/svenskahogtider.se\/pask\/wp-content\/uploads\/sites\/2\/2026\/02\/paskagg.jpg","articleSection":["Traditioner"],"inLanguage":"sv-SE","potentialAction":[{"@type":"CommentAction","name":"Comment","target":["https:\/\/svenskahogtider.se\/pask\/traditioner\/paskagg\/#respond"]}]},{"@type":"WebPage","@id":"https:\/\/svenskahogtider.se\/pask\/traditioner\/paskagg\/","url":"https:\/\/svenskahogtider.se\/pask\/traditioner\/paskagg\/","name":"P\u00e5sk\u00e4gg - P\u00e5sk","isPartOf":{"@id":"https:\/\/svenskahogtider.se\/pask\/#website"},"primaryImageOfPage":{"@id":"https:\/\/svenskahogtider.se\/pask\/traditioner\/paskagg\/#primaryimage"},"image":{"@id":"https:\/\/svenskahogtider.se\/pask\/traditioner\/paskagg\/#primaryimage"},"thumbnailUrl":"https:\/\/svenskahogtider.se\/pask\/wp-content\/uploads\/sites\/2\/2026\/02\/paskagg.jpg","datePublished":"2026-02-07T11:01:45+00:00","dateModified":"2026-02-07T15:41:52+00:00","author":{"@id":"https:\/\/svenskahogtider.se\/pask\/#\/schema\/person\/e70b2abc5cbaaa0e031e31843a1ae26b"},"breadcrumb":{"@id":"https:\/\/svenskahogtider.se\/pask\/traditioner\/paskagg\/#breadcrumb"},"inLanguage":"sv-SE","potentialAction":[{"@type":"ReadAction","target":["https:\/\/svenskahogtider.se\/pask\/traditioner\/paskagg\/"]}]},{"@type":"ImageObject","inLanguage":"sv-SE","@id":"https:\/\/svenskahogtider.se\/pask\/traditioner\/paskagg\/#primaryimage","url":"https:\/\/svenskahogtider.se\/pask\/wp-content\/uploads\/sites\/2\/2026\/02\/paskagg.jpg","contentUrl":"https:\/\/svenskahogtider.se\/pask\/wp-content\/uploads\/sites\/2\/2026\/02\/paskagg.jpg","width":2304,"height":1792,"caption":"fint m\u00e5lade \u00e4gg"},{"@type":"BreadcrumbList","@id":"https:\/\/svenskahogtider.se\/pask\/traditioner\/paskagg\/#breadcrumb","itemListElement":[{"@type":"ListItem","position":1,"name":"Hem","item":"https:\/\/svenskahogtider.se\/pask\/"},{"@type":"ListItem","position":2,"name":"P\u00e5sk\u00e4gg"}]},{"@type":"WebSite","@id":"https:\/\/svenskahogtider.se\/pask\/#website","url":"https:\/\/svenskahogtider.se\/pask\/","name":"P\u00e5sk","description":"","potentialAction":[{"@type":"SearchAction","target":{"@type":"EntryPoint","urlTemplate":"https:\/\/svenskahogtider.se\/pask\/?s={search_term_string}"},"query-input":{"@type":"PropertyValueSpecification","valueRequired":true,"valueName":"search_term_string"}}],"inLanguage":"sv-SE"},{"@type":"Person","@id":"https:\/\/svenskahogtider.se\/pask\/#\/schema\/person\/e70b2abc5cbaaa0e031e31843a1ae26b","name":"nicklas@16000.se","image":{"@type":"ImageObject","inLanguage":"sv-SE","@id":"https:\/\/secure.gravatar.com\/avatar\/1d699a22ddc86727c93b8be49a2bf811457b4a1947543d7023ad344be400fbcb?s=96&d=mm&r=g","url":"https:\/\/secure.gravatar.com\/avatar\/1d699a22ddc86727c93b8be49a2bf811457b4a1947543d7023ad344be400fbcb?s=96&d=mm&r=g","contentUrl":"https:\/\/secure.gravatar.com\/avatar\/1d699a22ddc86727c93b8be49a2bf811457b4a1947543d7023ad344be400fbcb?s=96&d=mm&r=g","caption":"nicklas@16000.se"},"sameAs":["https:\/\/svenskahogtider.se"],"url":"https:\/\/svenskahogtider.se\/pask\/author\/nicklas16000-se\/"}]}},"_links":{"self":[{"href":"https:\/\/svenskahogtider.se\/pask\/wp-json\/wp\/v2\/posts\/84","targetHints":{"allow":["GET"]}}],"collection":[{"href":"https:\/\/svenskahogtider.se\/pask\/wp-json\/wp\/v2\/posts"}],"about":[{"href":"https:\/\/svenskahogtider.se\/pask\/wp-json\/wp\/v2\/types\/post"}],"author":[{"embeddable":true,"href":"https:\/\/svenskahogtider.se\/pask\/wp-json\/wp\/v2\/users\/1"}],"replies":[{"embeddable":true,"href":"https:\/\/svenskahogtider.se\/pask\/wp-json\/wp\/v2\/comments?post=84"}],"version-history":[{"count":2,"href":"https:\/\/svenskahogtider.se\/pask\/wp-json\/wp\/v2\/posts\/84\/revisions"}],"predecessor-version":[{"id":91,"href":"https:\/\/svenskahogtider.se\/pask\/wp-json\/wp\/v2\/posts\/84\/revisions\/91"}],"wp:featuredmedia":[{"embeddable":true,"href":"https:\/\/svenskahogtider.se\/pask\/wp-json\/wp\/v2\/media\/89"}],"wp:attachment":[{"href":"https:\/\/svenskahogtider.se\/pask\/wp-json\/wp\/v2\/media?parent=84"}],"wp:term":[{"taxonomy":"category","embeddable":true,"href":"https:\/\/svenskahogtider.se\/pask\/wp-json\/wp\/v2\/categories?post=84"},{"taxonomy":"post_tag","embeddable":true,"href":"https:\/\/svenskahogtider.se\/pask\/wp-json\/wp\/v2\/tags?post=84"}],"curies":[{"name":"wp","href":"https:\/\/api.w.org\/{rel}","templated":true}]}}