{"id":16,"date":"2025-04-20T20:24:44","date_gmt":"2025-04-20T18:24:44","guid":{"rendered":"https:\/\/svenskahogtider.se\/pask\/?p=16"},"modified":"2026-02-07T12:01:09","modified_gmt":"2026-02-07T11:01:09","slug":"paskharen","status":"publish","type":"post","link":"https:\/\/svenskahogtider.se\/pask\/traditioner\/paskharen\/","title":{"rendered":"P\u00e5skharen"},"content":{"rendered":"\n<h2 class=\"wp-block-heading\">Den m\u00e4rkliga \u00e4ggleverant\u00f6ren<\/h2>\n\n\n\n<p>Om man stannar upp och t\u00e4nker efter \u00e4r p\u00e5skharen en av v\u00e5ra mest logiskt utmanande traditioner \u2013 varf\u00f6r skulle en hare springa runt och g\u00f6mma \u00e4gg? Svaret hittar vi i en blandning av tysk folktro, biologiska observationer och en gnutta pedagogik fr\u00e5n 1600-talet.<\/p>\n\n\n\n<h3 class=\"wp-block-heading\">Fr\u00e5n tyska marker till svenska tr\u00e4dg\u00e5rdar<\/h3>\n\n\n\n<p>Fenomenet med p\u00e5skharen (tyska:&nbsp;<em>Osterhase<\/em>) d\u00f6k upp i skrift f\u00f6r f\u00f6rsta g\u00e5ngen i Tyskland i slutet av 1600-talet. Haren var sedan l\u00e4nge en symbol f\u00f6r frukbarhet och v\u00e5rens ankomst, tack vare sin enorma f\u00f6rm\u00e5ga att f\u00f6r\u00f6ka sig snabbt n\u00e4r sn\u00f6n sm\u00e4lte. Enligt legenden var det p\u00e5skharen som bed\u00f6mde om barnen varit sn\u00e4lla under \u00e5ret. Om de hade sk\u00f6tt sig g\u00f6mde haren f\u00e4rgglada \u00e4gg i tr\u00e4dg\u00e5rden eller i huset som barnen fick leta efter p\u00e5 p\u00e5skmorgonen.<\/p>\n\n\n\n<p>Till Sverige kom haren relativt sent, f\u00f6rst under slutet av 1800-talet, via tyska invandrare och barnb\u00f6cker. Det dr\u00f6jde dock en bit in p\u00e5 1900-talet innan traditionen fick ett brett genomslag i hela landet. I vissa delar av Sverige, s\u00e4rskilt i v\u00e4stra V\u00e4rmland och Dalsland, hade man faktiskt&nbsp;<strong>p\u00e5skatuppen<\/strong>&nbsp;som \u00e4ggleverant\u00f6r innan haren tog \u00f6ver marknaden helt.<\/p>\n\n\n\n<h3 class=\"wp-block-heading\">Varf\u00f6r just \u00e4gg?<\/h3>\n\n\n\n<p>Kopplingen mellan haren och \u00e4ggen tros vara ett missf\u00f6rst\u00e5nd av naturen. N\u00e4r man f\u00f6rr i tiden hittade fasan\u00e4gg eller andra f\u00e5gel\u00e4gg i gropar p\u00e5 marken (vilket \u00e4r d\u00e4r harar ofta vilar, i s\u00e5 kallade legor), trodde man helt enkelt att det var haren som hade lagt dem d\u00e4r.<\/p>\n\n\n\n<p>Idag spelar det ingen roll om logiken haltar; p\u00e5skharen har blivit en oumb\u00e4rlig del av p\u00e5sken som skapar sp\u00e4nning och r\u00f6relse f\u00f6r barnen. Att &#8221;haren har varit h\u00e4r&#8221; \u00e4r f\u00f6r m\u00e5nga startskottet p\u00e5 p\u00e5skfirandet, och jakten p\u00e5 de g\u00f6mda \u00e4ggen \u00e4r en av de f\u00e5 traditioner som f\u00f6renar lek med historisk symbolik.<\/p>\n\n\n\n<hr class=\"wp-block-separator has-alpha-channel-opacity\"\/>\n\n\n\n<p><\/p>\n\n\n\n<p><\/p>\n","protected":false},"excerpt":{"rendered":"<p>Den m\u00e4rkliga \u00e4ggleverant\u00f6ren Om man stannar upp och t\u00e4nker efter \u00e4r p\u00e5skharen en av v\u00e5ra mest logiskt utmanande traditioner \u2013 varf\u00f6r skulle en hare springa runt och g\u00f6mma \u00e4gg? Svaret hittar vi i en blandning av tysk folktro, biologiska observationer och en gnutta pedagogik fr\u00e5n 1600-talet. Fr\u00e5n tyska marker till svenska tr\u00e4dg\u00e5rdar Fenomenet med p\u00e5skharen [&hellip;]<\/p>\n","protected":false},"author":1,"featured_media":88,"comment_status":"open","ping_status":"open","sticky":false,"template":"","format":"standard","meta":{"_acf_changed":false,"footnotes":""},"categories":[2],"tags":[],"class_list":["post-16","post","type-post","status-publish","format-standard","has-post-thumbnail","hentry","category-traditioner"],"acf":[],"yoast_head":"<!-- This site is optimized with the Yoast SEO plugin v27.5 - https:\/\/yoast.com\/product\/yoast-seo-wordpress\/ -->\n<title>L\u00e4s mer om traditionen med p\u00e5skharen. H\u00e4r hittar du allt du vill veta f\u00f6r inspiration till ditt p\u00e5skfirande.<\/title>\n<meta name=\"description\" content=\"P\u00e5skens mest uppskattade figur om g\u00f6mmer \u00e4gg.\" \/>\n<meta name=\"robots\" content=\"index, follow, max-snippet:-1, max-image-preview:large, max-video-preview:-1\" \/>\n<link rel=\"canonical\" href=\"https:\/\/svenskahogtider.se\/pask\/traditioner\/paskharen\/\" \/>\n<meta property=\"og:locale\" content=\"sv_SE\" \/>\n<meta property=\"og:type\" content=\"article\" \/>\n<meta property=\"og:title\" content=\"L\u00e4s mer om traditionen med p\u00e5skharen. H\u00e4r hittar du allt du vill veta f\u00f6r inspiration till ditt p\u00e5skfirande.\" \/>\n<meta property=\"og:description\" content=\"P\u00e5skens mest uppskattade figur om g\u00f6mmer \u00e4gg.\" \/>\n<meta property=\"og:url\" content=\"https:\/\/svenskahogtider.se\/pask\/traditioner\/paskharen\/\" \/>\n<meta property=\"og:site_name\" content=\"P\u00e5sk\" \/>\n<meta property=\"article:published_time\" content=\"2025-04-20T18:24:44+00:00\" \/>\n<meta property=\"article:modified_time\" content=\"2026-02-07T11:01:09+00:00\" \/>\n<meta property=\"og:image\" content=\"https:\/\/svenskahogtider.se\/pask\/wp-content\/uploads\/sites\/2\/2025\/04\/paskhare.jpg\" \/>\n\t<meta property=\"og:image:width\" content=\"2304\" \/>\n\t<meta property=\"og:image:height\" content=\"1792\" \/>\n\t<meta property=\"og:image:type\" content=\"image\/jpeg\" \/>\n<meta name=\"author\" content=\"nicklas@16000.se\" \/>\n<meta name=\"twitter:card\" content=\"summary_large_image\" \/>\n<meta name=\"twitter:label1\" content=\"Skriven av\" \/>\n\t<meta name=\"twitter:data1\" content=\"nicklas@16000.se\" \/>\n\t<meta name=\"twitter:label2\" content=\"Ber\u00e4knad l\u00e4stid\" \/>\n\t<meta name=\"twitter:data2\" content=\"2 minuter\" \/>\n<script type=\"application\/ld+json\" class=\"yoast-schema-graph\">{\"@context\":\"https:\\\/\\\/schema.org\",\"@graph\":[{\"@type\":\"Article\",\"@id\":\"https:\\\/\\\/svenskahogtider.se\\\/pask\\\/traditioner\\\/paskharen\\\/#article\",\"isPartOf\":{\"@id\":\"https:\\\/\\\/svenskahogtider.se\\\/pask\\\/traditioner\\\/paskharen\\\/\"},\"author\":{\"name\":\"nicklas@16000.se\",\"@id\":\"https:\\\/\\\/svenskahogtider.se\\\/pask\\\/#\\\/schema\\\/person\\\/e70b2abc5cbaaa0e031e31843a1ae26b\"},\"headline\":\"P\u00e5skharen\",\"datePublished\":\"2025-04-20T18:24:44+00:00\",\"dateModified\":\"2026-02-07T11:01:09+00:00\",\"mainEntityOfPage\":{\"@id\":\"https:\\\/\\\/svenskahogtider.se\\\/pask\\\/traditioner\\\/paskharen\\\/\"},\"wordCount\":355,\"commentCount\":0,\"image\":{\"@id\":\"https:\\\/\\\/svenskahogtider.se\\\/pask\\\/traditioner\\\/paskharen\\\/#primaryimage\"},\"thumbnailUrl\":\"https:\\\/\\\/svenskahogtider.se\\\/pask\\\/wp-content\\\/uploads\\\/sites\\\/2\\\/2025\\\/04\\\/paskhare.jpg\",\"articleSection\":[\"Traditioner\"],\"inLanguage\":\"sv-SE\",\"potentialAction\":[{\"@type\":\"CommentAction\",\"name\":\"Comment\",\"target\":[\"https:\\\/\\\/svenskahogtider.se\\\/pask\\\/traditioner\\\/paskharen\\\/#respond\"]}]},{\"@type\":\"WebPage\",\"@id\":\"https:\\\/\\\/svenskahogtider.se\\\/pask\\\/traditioner\\\/paskharen\\\/\",\"url\":\"https:\\\/\\\/svenskahogtider.se\\\/pask\\\/traditioner\\\/paskharen\\\/\",\"name\":\"L\u00e4s mer om traditionen med p\u00e5skharen. H\u00e4r hittar du allt du vill veta f\u00f6r inspiration till ditt p\u00e5skfirande.\",\"isPartOf\":{\"@id\":\"https:\\\/\\\/svenskahogtider.se\\\/pask\\\/#website\"},\"primaryImageOfPage\":{\"@id\":\"https:\\\/\\\/svenskahogtider.se\\\/pask\\\/traditioner\\\/paskharen\\\/#primaryimage\"},\"image\":{\"@id\":\"https:\\\/\\\/svenskahogtider.se\\\/pask\\\/traditioner\\\/paskharen\\\/#primaryimage\"},\"thumbnailUrl\":\"https:\\\/\\\/svenskahogtider.se\\\/pask\\\/wp-content\\\/uploads\\\/sites\\\/2\\\/2025\\\/04\\\/paskhare.jpg\",\"datePublished\":\"2025-04-20T18:24:44+00:00\",\"dateModified\":\"2026-02-07T11:01:09+00:00\",\"author\":{\"@id\":\"https:\\\/\\\/svenskahogtider.se\\\/pask\\\/#\\\/schema\\\/person\\\/e70b2abc5cbaaa0e031e31843a1ae26b\"},\"description\":\"P\u00e5skens mest uppskattade figur om g\u00f6mmer \u00e4gg.\",\"breadcrumb\":{\"@id\":\"https:\\\/\\\/svenskahogtider.se\\\/pask\\\/traditioner\\\/paskharen\\\/#breadcrumb\"},\"inLanguage\":\"sv-SE\",\"potentialAction\":[{\"@type\":\"ReadAction\",\"target\":[\"https:\\\/\\\/svenskahogtider.se\\\/pask\\\/traditioner\\\/paskharen\\\/\"]}]},{\"@type\":\"ImageObject\",\"inLanguage\":\"sv-SE\",\"@id\":\"https:\\\/\\\/svenskahogtider.se\\\/pask\\\/traditioner\\\/paskharen\\\/#primaryimage\",\"url\":\"https:\\\/\\\/svenskahogtider.se\\\/pask\\\/wp-content\\\/uploads\\\/sites\\\/2\\\/2025\\\/04\\\/paskhare.jpg\",\"contentUrl\":\"https:\\\/\\\/svenskahogtider.se\\\/pask\\\/wp-content\\\/uploads\\\/sites\\\/2\\\/2025\\\/04\\\/paskhare.jpg\",\"width\":2304,\"height\":1792,\"caption\":\"p\u00e5skharen\"},{\"@type\":\"BreadcrumbList\",\"@id\":\"https:\\\/\\\/svenskahogtider.se\\\/pask\\\/traditioner\\\/paskharen\\\/#breadcrumb\",\"itemListElement\":[{\"@type\":\"ListItem\",\"position\":1,\"name\":\"Hem\",\"item\":\"https:\\\/\\\/svenskahogtider.se\\\/pask\\\/\"},{\"@type\":\"ListItem\",\"position\":2,\"name\":\"P\u00e5skharen\"}]},{\"@type\":\"WebSite\",\"@id\":\"https:\\\/\\\/svenskahogtider.se\\\/pask\\\/#website\",\"url\":\"https:\\\/\\\/svenskahogtider.se\\\/pask\\\/\",\"name\":\"P\u00e5sk\",\"description\":\"\",\"potentialAction\":[{\"@type\":\"SearchAction\",\"target\":{\"@type\":\"EntryPoint\",\"urlTemplate\":\"https:\\\/\\\/svenskahogtider.se\\\/pask\\\/?s={search_term_string}\"},\"query-input\":{\"@type\":\"PropertyValueSpecification\",\"valueRequired\":true,\"valueName\":\"search_term_string\"}}],\"inLanguage\":\"sv-SE\"},{\"@type\":\"Person\",\"@id\":\"https:\\\/\\\/svenskahogtider.se\\\/pask\\\/#\\\/schema\\\/person\\\/e70b2abc5cbaaa0e031e31843a1ae26b\",\"name\":\"nicklas@16000.se\",\"image\":{\"@type\":\"ImageObject\",\"inLanguage\":\"sv-SE\",\"@id\":\"https:\\\/\\\/secure.gravatar.com\\\/avatar\\\/1d699a22ddc86727c93b8be49a2bf811457b4a1947543d7023ad344be400fbcb?s=96&d=mm&r=g\",\"url\":\"https:\\\/\\\/secure.gravatar.com\\\/avatar\\\/1d699a22ddc86727c93b8be49a2bf811457b4a1947543d7023ad344be400fbcb?s=96&d=mm&r=g\",\"contentUrl\":\"https:\\\/\\\/secure.gravatar.com\\\/avatar\\\/1d699a22ddc86727c93b8be49a2bf811457b4a1947543d7023ad344be400fbcb?s=96&d=mm&r=g\",\"caption\":\"nicklas@16000.se\"},\"sameAs\":[\"https:\\\/\\\/svenskahogtider.se\"],\"url\":\"https:\\\/\\\/svenskahogtider.se\\\/pask\\\/author\\\/nicklas16000-se\\\/\"}]}<\/script>\n<!-- \/ Yoast SEO plugin. -->","yoast_head_json":{"title":"L\u00e4s mer om traditionen med p\u00e5skharen. H\u00e4r hittar du allt du vill veta f\u00f6r inspiration till ditt p\u00e5skfirande.","description":"P\u00e5skens mest uppskattade figur om g\u00f6mmer \u00e4gg.","robots":{"index":"index","follow":"follow","max-snippet":"max-snippet:-1","max-image-preview":"max-image-preview:large","max-video-preview":"max-video-preview:-1"},"canonical":"https:\/\/svenskahogtider.se\/pask\/traditioner\/paskharen\/","og_locale":"sv_SE","og_type":"article","og_title":"L\u00e4s mer om traditionen med p\u00e5skharen. H\u00e4r hittar du allt du vill veta f\u00f6r inspiration till ditt p\u00e5skfirande.","og_description":"P\u00e5skens mest uppskattade figur om g\u00f6mmer \u00e4gg.","og_url":"https:\/\/svenskahogtider.se\/pask\/traditioner\/paskharen\/","og_site_name":"P\u00e5sk","article_published_time":"2025-04-20T18:24:44+00:00","article_modified_time":"2026-02-07T11:01:09+00:00","og_image":[{"width":2304,"height":1792,"url":"https:\/\/svenskahogtider.se\/pask\/wp-content\/uploads\/sites\/2\/2025\/04\/paskhare.jpg","type":"image\/jpeg"}],"author":"nicklas@16000.se","twitter_card":"summary_large_image","twitter_misc":{"Skriven av":"nicklas@16000.se","Ber\u00e4knad l\u00e4stid":"2 minuter"},"schema":{"@context":"https:\/\/schema.org","@graph":[{"@type":"Article","@id":"https:\/\/svenskahogtider.se\/pask\/traditioner\/paskharen\/#article","isPartOf":{"@id":"https:\/\/svenskahogtider.se\/pask\/traditioner\/paskharen\/"},"author":{"name":"nicklas@16000.se","@id":"https:\/\/svenskahogtider.se\/pask\/#\/schema\/person\/e70b2abc5cbaaa0e031e31843a1ae26b"},"headline":"P\u00e5skharen","datePublished":"2025-04-20T18:24:44+00:00","dateModified":"2026-02-07T11:01:09+00:00","mainEntityOfPage":{"@id":"https:\/\/svenskahogtider.se\/pask\/traditioner\/paskharen\/"},"wordCount":355,"commentCount":0,"image":{"@id":"https:\/\/svenskahogtider.se\/pask\/traditioner\/paskharen\/#primaryimage"},"thumbnailUrl":"https:\/\/svenskahogtider.se\/pask\/wp-content\/uploads\/sites\/2\/2025\/04\/paskhare.jpg","articleSection":["Traditioner"],"inLanguage":"sv-SE","potentialAction":[{"@type":"CommentAction","name":"Comment","target":["https:\/\/svenskahogtider.se\/pask\/traditioner\/paskharen\/#respond"]}]},{"@type":"WebPage","@id":"https:\/\/svenskahogtider.se\/pask\/traditioner\/paskharen\/","url":"https:\/\/svenskahogtider.se\/pask\/traditioner\/paskharen\/","name":"L\u00e4s mer om traditionen med p\u00e5skharen. H\u00e4r hittar du allt du vill veta f\u00f6r inspiration till ditt p\u00e5skfirande.","isPartOf":{"@id":"https:\/\/svenskahogtider.se\/pask\/#website"},"primaryImageOfPage":{"@id":"https:\/\/svenskahogtider.se\/pask\/traditioner\/paskharen\/#primaryimage"},"image":{"@id":"https:\/\/svenskahogtider.se\/pask\/traditioner\/paskharen\/#primaryimage"},"thumbnailUrl":"https:\/\/svenskahogtider.se\/pask\/wp-content\/uploads\/sites\/2\/2025\/04\/paskhare.jpg","datePublished":"2025-04-20T18:24:44+00:00","dateModified":"2026-02-07T11:01:09+00:00","author":{"@id":"https:\/\/svenskahogtider.se\/pask\/#\/schema\/person\/e70b2abc5cbaaa0e031e31843a1ae26b"},"description":"P\u00e5skens mest uppskattade figur om g\u00f6mmer \u00e4gg.","breadcrumb":{"@id":"https:\/\/svenskahogtider.se\/pask\/traditioner\/paskharen\/#breadcrumb"},"inLanguage":"sv-SE","potentialAction":[{"@type":"ReadAction","target":["https:\/\/svenskahogtider.se\/pask\/traditioner\/paskharen\/"]}]},{"@type":"ImageObject","inLanguage":"sv-SE","@id":"https:\/\/svenskahogtider.se\/pask\/traditioner\/paskharen\/#primaryimage","url":"https:\/\/svenskahogtider.se\/pask\/wp-content\/uploads\/sites\/2\/2025\/04\/paskhare.jpg","contentUrl":"https:\/\/svenskahogtider.se\/pask\/wp-content\/uploads\/sites\/2\/2025\/04\/paskhare.jpg","width":2304,"height":1792,"caption":"p\u00e5skharen"},{"@type":"BreadcrumbList","@id":"https:\/\/svenskahogtider.se\/pask\/traditioner\/paskharen\/#breadcrumb","itemListElement":[{"@type":"ListItem","position":1,"name":"Hem","item":"https:\/\/svenskahogtider.se\/pask\/"},{"@type":"ListItem","position":2,"name":"P\u00e5skharen"}]},{"@type":"WebSite","@id":"https:\/\/svenskahogtider.se\/pask\/#website","url":"https:\/\/svenskahogtider.se\/pask\/","name":"P\u00e5sk","description":"","potentialAction":[{"@type":"SearchAction","target":{"@type":"EntryPoint","urlTemplate":"https:\/\/svenskahogtider.se\/pask\/?s={search_term_string}"},"query-input":{"@type":"PropertyValueSpecification","valueRequired":true,"valueName":"search_term_string"}}],"inLanguage":"sv-SE"},{"@type":"Person","@id":"https:\/\/svenskahogtider.se\/pask\/#\/schema\/person\/e70b2abc5cbaaa0e031e31843a1ae26b","name":"nicklas@16000.se","image":{"@type":"ImageObject","inLanguage":"sv-SE","@id":"https:\/\/secure.gravatar.com\/avatar\/1d699a22ddc86727c93b8be49a2bf811457b4a1947543d7023ad344be400fbcb?s=96&d=mm&r=g","url":"https:\/\/secure.gravatar.com\/avatar\/1d699a22ddc86727c93b8be49a2bf811457b4a1947543d7023ad344be400fbcb?s=96&d=mm&r=g","contentUrl":"https:\/\/secure.gravatar.com\/avatar\/1d699a22ddc86727c93b8be49a2bf811457b4a1947543d7023ad344be400fbcb?s=96&d=mm&r=g","caption":"nicklas@16000.se"},"sameAs":["https:\/\/svenskahogtider.se"],"url":"https:\/\/svenskahogtider.se\/pask\/author\/nicklas16000-se\/"}]}},"_links":{"self":[{"href":"https:\/\/svenskahogtider.se\/pask\/wp-json\/wp\/v2\/posts\/16","targetHints":{"allow":["GET"]}}],"collection":[{"href":"https:\/\/svenskahogtider.se\/pask\/wp-json\/wp\/v2\/posts"}],"about":[{"href":"https:\/\/svenskahogtider.se\/pask\/wp-json\/wp\/v2\/types\/post"}],"author":[{"embeddable":true,"href":"https:\/\/svenskahogtider.se\/pask\/wp-json\/wp\/v2\/users\/1"}],"replies":[{"embeddable":true,"href":"https:\/\/svenskahogtider.se\/pask\/wp-json\/wp\/v2\/comments?post=16"}],"version-history":[{"count":2,"href":"https:\/\/svenskahogtider.se\/pask\/wp-json\/wp\/v2\/posts\/16\/revisions"}],"predecessor-version":[{"id":87,"href":"https:\/\/svenskahogtider.se\/pask\/wp-json\/wp\/v2\/posts\/16\/revisions\/87"}],"wp:featuredmedia":[{"embeddable":true,"href":"https:\/\/svenskahogtider.se\/pask\/wp-json\/wp\/v2\/media\/88"}],"wp:attachment":[{"href":"https:\/\/svenskahogtider.se\/pask\/wp-json\/wp\/v2\/media?parent=16"}],"wp:term":[{"taxonomy":"category","embeddable":true,"href":"https:\/\/svenskahogtider.se\/pask\/wp-json\/wp\/v2\/categories?post=16"},{"taxonomy":"post_tag","embeddable":true,"href":"https:\/\/svenskahogtider.se\/pask\/wp-json\/wp\/v2\/tags?post=16"}],"curies":[{"name":"wp","href":"https:\/\/api.w.org\/{rel}","templated":true}]}}