{"id":152,"date":"2026-02-07T22:18:58","date_gmt":"2026-02-07T21:18:58","guid":{"rendered":"https:\/\/svenskahogtider.se\/pask\/?p=152"},"modified":"2026-02-07T22:18:58","modified_gmt":"2026-02-07T21:18:58","slug":"pasktuppen","status":"publish","type":"post","link":"https:\/\/svenskahogtider.se\/pask\/traditioner\/pasktuppen\/","title":{"rendered":"P\u00e5sktuppen"},"content":{"rendered":"\n<h2 class=\"wp-block-heading\">Vaksamhetens v\u00e4ktare och v\u00e5rens budb\u00e4rare<\/h2>\n\n\n\n<p>Medan h\u00f6nan st\u00e5r f\u00f6r \u00e4ggen och kycklingen f\u00f6r det spirande livet, har&nbsp;<strong>p\u00e5sktuppen<\/strong>&nbsp;en helt annan roll i v\u00e5rt firande. Han \u00e4r symbolen f\u00f6r vaksamhet, styrka och den nya dagens ankomst. Men tuppens plats i p\u00e5sken \u00e4r inte bara en fr\u00e5ga om dekoration; den har djupa r\u00f6tter i b\u00e5de den bibliska historien och den folkliga tron.<\/p>\n\n\n\n<h3 class=\"wp-block-heading\">Den bibliska p\u00e5minnelsen<\/h3>\n\n\n\n<p>Inom kristendomen \u00e4r tuppen fr\u00e4mst f\u00f6rknippad med aposteln Petrus. Enligt Bibeln f\u00f6rutsp\u00e5dde Jesus att Petrus skulle f\u00f6rneka honom tre g\u00e5nger innan tuppen gol p\u00e5 morgonen vid hans f\u00e4ngslande. N\u00e4r tuppen gol, ins\u00e5g Petrus sitt svek, och tuppen blev d\u00e4rmed en symbol f\u00f6r&nbsp;<strong>\u00e5nger, vaksamhet och sanning<\/strong>. Det \u00e4r ocks\u00e5 d\u00e4rf\u00f6r vi ofta ser en vindfl\u00f6jel i form av en tupp p\u00e5 kyrktorn \u2013 den vakar \u00f6ver f\u00f6rsamlingen och p\u00e5minner om att h\u00e5lla sig till sin tro.<\/p>\n\n\n\n<h3 class=\"wp-block-heading\">Budb\u00e4raren om ljuset<\/h3>\n\n\n\n<p>I den folkliga traditionen har tuppen alltid varit den som h\u00e4lsar solen v\u00e4lkommen. N\u00e4r vintern sl\u00e4pper sitt grepp och ljuset \u00e5terv\u00e4nder, blir tuppen en naturlig symbol f\u00f6r&nbsp;<strong>v\u00e5rens p\u00e5nyttf\u00f6delse<\/strong>. Hans kraftfulla galande markerar att m\u00f6rkret \u00e4r besegrat och att en ny tid b\u00f6rjar. Inom nordisk mytologi fanns \u00e4ven tuppen Gyllenkam, som satt i v\u00e4rldstr\u00e4det Yggdrasils topp och skulle v\u00e4cka k\u00e4mparna vid Ragnar\u00f6k \u2013 ytterligare ett bevis p\u00e5 tuppens roll som den som v\u00e4cker oss till medvetande.<\/p>\n\n\n\n<h3 class=\"wp-block-heading\">Tuppen i det moderna hemmet<\/h3>\n\n\n\n<p>Idag har den religi\u00f6sa symboliken ofta l\u00e4mnat plats f\u00f6r det rent dekorativa. Vi ser tuppen i form av f\u00e4rgstarka keramikfigurer, tryckta m\u00f6nster p\u00e5 dukar och som stolta vaktposter i <a href=\"https:\/\/svenskahogtider.se\/pask\/traditioner\/paskris\/\" type=\"post\" id=\"12\">p\u00e5skriset<\/a>. Ofta avbildas han i bj\u00e4rta f\u00e4rger \u2013 r\u00f6tt, gult och gr\u00f6nt \u2013 f\u00f6r att spegla p\u00e5skens gl\u00e4dje.<\/p>\n\n\n\n<p>Tuppen fungerar ocks\u00e5 som en naturlig motpart till den mer mytiska <a href=\"https:\/\/svenskahogtider.se\/pask\/traditioner\/paskharen\/\" type=\"post\" id=\"16\">p\u00e5skharen<\/a>. D\u00e4r haren \u00e4r den hemlighetsfulla som smyger runt med \u00e4gg, \u00e4r tuppen den stolta och synliga figuren som st\u00e5r f\u00f6r ordning och tradition p\u00e5 p\u00e5skbordet.<\/p>\n\n\n\n<p>I vissa familjer \u00e4r det \u00e4ven p\u00e5sktuppen som st\u00e5r f\u00f6r \u00e4ggen. D\u00e5 brukar han under natten fylla \u00e4gg som barnen lagt fram p\u00e5 kv\u00e4llen innan.<\/p>\n\n\n\n<p><\/p>\n","protected":false},"excerpt":{"rendered":"<p>Vaksamhetens v\u00e4ktare och v\u00e5rens budb\u00e4rare Medan h\u00f6nan st\u00e5r f\u00f6r \u00e4ggen och kycklingen f\u00f6r det spirande livet, har&nbsp;p\u00e5sktuppen&nbsp;en helt annan roll i v\u00e5rt firande. Han \u00e4r symbolen f\u00f6r vaksamhet, styrka och den nya dagens ankomst. Men tuppens plats i p\u00e5sken \u00e4r inte bara en fr\u00e5ga om dekoration; den har djupa r\u00f6tter i b\u00e5de den bibliska historien [&hellip;]<\/p>\n","protected":false},"author":1,"featured_media":153,"comment_status":"open","ping_status":"open","sticky":false,"template":"","format":"standard","meta":{"_acf_changed":false,"footnotes":""},"categories":[2],"tags":[],"class_list":["post-152","post","type-post","status-publish","format-standard","has-post-thumbnail","hentry","category-traditioner"],"acf":[],"yoast_head":"<!-- This site is optimized with the Yoast SEO plugin v27.4 - https:\/\/yoast.com\/product\/yoast-seo-wordpress\/ -->\n<title>P\u00e5sktuppen - P\u00e5sk<\/title>\n<meta name=\"robots\" content=\"index, follow, max-snippet:-1, max-image-preview:large, max-video-preview:-1\" \/>\n<link rel=\"canonical\" href=\"https:\/\/svenskahogtider.se\/pask\/traditioner\/pasktuppen\/\" \/>\n<meta property=\"og:locale\" content=\"sv_SE\" \/>\n<meta property=\"og:type\" content=\"article\" \/>\n<meta property=\"og:title\" content=\"P\u00e5sktuppen - P\u00e5sk\" \/>\n<meta property=\"og:description\" content=\"Vaksamhetens v\u00e4ktare och v\u00e5rens budb\u00e4rare Medan h\u00f6nan st\u00e5r f\u00f6r \u00e4ggen och kycklingen f\u00f6r det spirande livet, har&nbsp;p\u00e5sktuppen&nbsp;en helt annan roll i v\u00e5rt firande. Han \u00e4r symbolen f\u00f6r vaksamhet, styrka och den nya dagens ankomst. Men tuppens plats i p\u00e5sken \u00e4r inte bara en fr\u00e5ga om dekoration; den har djupa r\u00f6tter i b\u00e5de den bibliska historien [&hellip;]\" \/>\n<meta property=\"og:url\" content=\"https:\/\/svenskahogtider.se\/pask\/traditioner\/pasktuppen\/\" \/>\n<meta property=\"og:site_name\" content=\"P\u00e5sk\" \/>\n<meta property=\"article:published_time\" content=\"2026-02-07T21:18:58+00:00\" \/>\n<meta property=\"og:image\" content=\"https:\/\/svenskahogtider.se\/pask\/wp-content\/uploads\/sites\/2\/2026\/02\/pasktuppen.jpg\" \/>\n\t<meta property=\"og:image:width\" content=\"1024\" \/>\n\t<meta property=\"og:image:height\" content=\"1024\" \/>\n\t<meta property=\"og:image:type\" content=\"image\/jpeg\" \/>\n<meta name=\"author\" content=\"nicklas@16000.se\" \/>\n<meta name=\"twitter:card\" content=\"summary_large_image\" \/>\n<meta name=\"twitter:label1\" content=\"Skriven av\" \/>\n\t<meta name=\"twitter:data1\" content=\"nicklas@16000.se\" \/>\n\t<meta name=\"twitter:label2\" content=\"Ber\u00e4knad l\u00e4stid\" \/>\n\t<meta name=\"twitter:data2\" content=\"2 minuter\" \/>\n<script type=\"application\/ld+json\" class=\"yoast-schema-graph\">{\"@context\":\"https:\\\/\\\/schema.org\",\"@graph\":[{\"@type\":\"Article\",\"@id\":\"https:\\\/\\\/svenskahogtider.se\\\/pask\\\/traditioner\\\/pasktuppen\\\/#article\",\"isPartOf\":{\"@id\":\"https:\\\/\\\/svenskahogtider.se\\\/pask\\\/traditioner\\\/pasktuppen\\\/\"},\"author\":{\"name\":\"nicklas@16000.se\",\"@id\":\"https:\\\/\\\/svenskahogtider.se\\\/pask\\\/#\\\/schema\\\/person\\\/e70b2abc5cbaaa0e031e31843a1ae26b\"},\"headline\":\"P\u00e5sktuppen\",\"datePublished\":\"2026-02-07T21:18:58+00:00\",\"mainEntityOfPage\":{\"@id\":\"https:\\\/\\\/svenskahogtider.se\\\/pask\\\/traditioner\\\/pasktuppen\\\/\"},\"wordCount\":407,\"commentCount\":0,\"image\":{\"@id\":\"https:\\\/\\\/svenskahogtider.se\\\/pask\\\/traditioner\\\/pasktuppen\\\/#primaryimage\"},\"thumbnailUrl\":\"https:\\\/\\\/svenskahogtider.se\\\/pask\\\/wp-content\\\/uploads\\\/sites\\\/2\\\/2026\\\/02\\\/pasktuppen.jpg\",\"articleSection\":[\"Traditioner\"],\"inLanguage\":\"sv-SE\",\"potentialAction\":[{\"@type\":\"CommentAction\",\"name\":\"Comment\",\"target\":[\"https:\\\/\\\/svenskahogtider.se\\\/pask\\\/traditioner\\\/pasktuppen\\\/#respond\"]}]},{\"@type\":\"WebPage\",\"@id\":\"https:\\\/\\\/svenskahogtider.se\\\/pask\\\/traditioner\\\/pasktuppen\\\/\",\"url\":\"https:\\\/\\\/svenskahogtider.se\\\/pask\\\/traditioner\\\/pasktuppen\\\/\",\"name\":\"P\u00e5sktuppen - P\u00e5sk\",\"isPartOf\":{\"@id\":\"https:\\\/\\\/svenskahogtider.se\\\/pask\\\/#website\"},\"primaryImageOfPage\":{\"@id\":\"https:\\\/\\\/svenskahogtider.se\\\/pask\\\/traditioner\\\/pasktuppen\\\/#primaryimage\"},\"image\":{\"@id\":\"https:\\\/\\\/svenskahogtider.se\\\/pask\\\/traditioner\\\/pasktuppen\\\/#primaryimage\"},\"thumbnailUrl\":\"https:\\\/\\\/svenskahogtider.se\\\/pask\\\/wp-content\\\/uploads\\\/sites\\\/2\\\/2026\\\/02\\\/pasktuppen.jpg\",\"datePublished\":\"2026-02-07T21:18:58+00:00\",\"author\":{\"@id\":\"https:\\\/\\\/svenskahogtider.se\\\/pask\\\/#\\\/schema\\\/person\\\/e70b2abc5cbaaa0e031e31843a1ae26b\"},\"breadcrumb\":{\"@id\":\"https:\\\/\\\/svenskahogtider.se\\\/pask\\\/traditioner\\\/pasktuppen\\\/#breadcrumb\"},\"inLanguage\":\"sv-SE\",\"potentialAction\":[{\"@type\":\"ReadAction\",\"target\":[\"https:\\\/\\\/svenskahogtider.se\\\/pask\\\/traditioner\\\/pasktuppen\\\/\"]}]},{\"@type\":\"ImageObject\",\"inLanguage\":\"sv-SE\",\"@id\":\"https:\\\/\\\/svenskahogtider.se\\\/pask\\\/traditioner\\\/pasktuppen\\\/#primaryimage\",\"url\":\"https:\\\/\\\/svenskahogtider.se\\\/pask\\\/wp-content\\\/uploads\\\/sites\\\/2\\\/2026\\\/02\\\/pasktuppen.jpg\",\"contentUrl\":\"https:\\\/\\\/svenskahogtider.se\\\/pask\\\/wp-content\\\/uploads\\\/sites\\\/2\\\/2026\\\/02\\\/pasktuppen.jpg\",\"width\":1024,\"height\":1024,\"caption\":\"tupp i p\u00e5skris\"},{\"@type\":\"BreadcrumbList\",\"@id\":\"https:\\\/\\\/svenskahogtider.se\\\/pask\\\/traditioner\\\/pasktuppen\\\/#breadcrumb\",\"itemListElement\":[{\"@type\":\"ListItem\",\"position\":1,\"name\":\"Hem\",\"item\":\"https:\\\/\\\/svenskahogtider.se\\\/pask\\\/\"},{\"@type\":\"ListItem\",\"position\":2,\"name\":\"P\u00e5sktuppen\"}]},{\"@type\":\"WebSite\",\"@id\":\"https:\\\/\\\/svenskahogtider.se\\\/pask\\\/#website\",\"url\":\"https:\\\/\\\/svenskahogtider.se\\\/pask\\\/\",\"name\":\"P\u00e5sk\",\"description\":\"\",\"potentialAction\":[{\"@type\":\"SearchAction\",\"target\":{\"@type\":\"EntryPoint\",\"urlTemplate\":\"https:\\\/\\\/svenskahogtider.se\\\/pask\\\/?s={search_term_string}\"},\"query-input\":{\"@type\":\"PropertyValueSpecification\",\"valueRequired\":true,\"valueName\":\"search_term_string\"}}],\"inLanguage\":\"sv-SE\"},{\"@type\":\"Person\",\"@id\":\"https:\\\/\\\/svenskahogtider.se\\\/pask\\\/#\\\/schema\\\/person\\\/e70b2abc5cbaaa0e031e31843a1ae26b\",\"name\":\"nicklas@16000.se\",\"image\":{\"@type\":\"ImageObject\",\"inLanguage\":\"sv-SE\",\"@id\":\"https:\\\/\\\/secure.gravatar.com\\\/avatar\\\/1d699a22ddc86727c93b8be49a2bf811457b4a1947543d7023ad344be400fbcb?s=96&d=mm&r=g\",\"url\":\"https:\\\/\\\/secure.gravatar.com\\\/avatar\\\/1d699a22ddc86727c93b8be49a2bf811457b4a1947543d7023ad344be400fbcb?s=96&d=mm&r=g\",\"contentUrl\":\"https:\\\/\\\/secure.gravatar.com\\\/avatar\\\/1d699a22ddc86727c93b8be49a2bf811457b4a1947543d7023ad344be400fbcb?s=96&d=mm&r=g\",\"caption\":\"nicklas@16000.se\"},\"sameAs\":[\"https:\\\/\\\/svenskahogtider.se\"],\"url\":\"https:\\\/\\\/svenskahogtider.se\\\/pask\\\/author\\\/nicklas16000-se\\\/\"}]}<\/script>\n<!-- \/ Yoast SEO plugin. -->","yoast_head_json":{"title":"P\u00e5sktuppen - P\u00e5sk","robots":{"index":"index","follow":"follow","max-snippet":"max-snippet:-1","max-image-preview":"max-image-preview:large","max-video-preview":"max-video-preview:-1"},"canonical":"https:\/\/svenskahogtider.se\/pask\/traditioner\/pasktuppen\/","og_locale":"sv_SE","og_type":"article","og_title":"P\u00e5sktuppen - P\u00e5sk","og_description":"Vaksamhetens v\u00e4ktare och v\u00e5rens budb\u00e4rare Medan h\u00f6nan st\u00e5r f\u00f6r \u00e4ggen och kycklingen f\u00f6r det spirande livet, har&nbsp;p\u00e5sktuppen&nbsp;en helt annan roll i v\u00e5rt firande. Han \u00e4r symbolen f\u00f6r vaksamhet, styrka och den nya dagens ankomst. Men tuppens plats i p\u00e5sken \u00e4r inte bara en fr\u00e5ga om dekoration; den har djupa r\u00f6tter i b\u00e5de den bibliska historien [&hellip;]","og_url":"https:\/\/svenskahogtider.se\/pask\/traditioner\/pasktuppen\/","og_site_name":"P\u00e5sk","article_published_time":"2026-02-07T21:18:58+00:00","og_image":[{"width":1024,"height":1024,"url":"https:\/\/svenskahogtider.se\/pask\/wp-content\/uploads\/sites\/2\/2026\/02\/pasktuppen.jpg","type":"image\/jpeg"}],"author":"nicklas@16000.se","twitter_card":"summary_large_image","twitter_misc":{"Skriven av":"nicklas@16000.se","Ber\u00e4knad l\u00e4stid":"2 minuter"},"schema":{"@context":"https:\/\/schema.org","@graph":[{"@type":"Article","@id":"https:\/\/svenskahogtider.se\/pask\/traditioner\/pasktuppen\/#article","isPartOf":{"@id":"https:\/\/svenskahogtider.se\/pask\/traditioner\/pasktuppen\/"},"author":{"name":"nicklas@16000.se","@id":"https:\/\/svenskahogtider.se\/pask\/#\/schema\/person\/e70b2abc5cbaaa0e031e31843a1ae26b"},"headline":"P\u00e5sktuppen","datePublished":"2026-02-07T21:18:58+00:00","mainEntityOfPage":{"@id":"https:\/\/svenskahogtider.se\/pask\/traditioner\/pasktuppen\/"},"wordCount":407,"commentCount":0,"image":{"@id":"https:\/\/svenskahogtider.se\/pask\/traditioner\/pasktuppen\/#primaryimage"},"thumbnailUrl":"https:\/\/svenskahogtider.se\/pask\/wp-content\/uploads\/sites\/2\/2026\/02\/pasktuppen.jpg","articleSection":["Traditioner"],"inLanguage":"sv-SE","potentialAction":[{"@type":"CommentAction","name":"Comment","target":["https:\/\/svenskahogtider.se\/pask\/traditioner\/pasktuppen\/#respond"]}]},{"@type":"WebPage","@id":"https:\/\/svenskahogtider.se\/pask\/traditioner\/pasktuppen\/","url":"https:\/\/svenskahogtider.se\/pask\/traditioner\/pasktuppen\/","name":"P\u00e5sktuppen - P\u00e5sk","isPartOf":{"@id":"https:\/\/svenskahogtider.se\/pask\/#website"},"primaryImageOfPage":{"@id":"https:\/\/svenskahogtider.se\/pask\/traditioner\/pasktuppen\/#primaryimage"},"image":{"@id":"https:\/\/svenskahogtider.se\/pask\/traditioner\/pasktuppen\/#primaryimage"},"thumbnailUrl":"https:\/\/svenskahogtider.se\/pask\/wp-content\/uploads\/sites\/2\/2026\/02\/pasktuppen.jpg","datePublished":"2026-02-07T21:18:58+00:00","author":{"@id":"https:\/\/svenskahogtider.se\/pask\/#\/schema\/person\/e70b2abc5cbaaa0e031e31843a1ae26b"},"breadcrumb":{"@id":"https:\/\/svenskahogtider.se\/pask\/traditioner\/pasktuppen\/#breadcrumb"},"inLanguage":"sv-SE","potentialAction":[{"@type":"ReadAction","target":["https:\/\/svenskahogtider.se\/pask\/traditioner\/pasktuppen\/"]}]},{"@type":"ImageObject","inLanguage":"sv-SE","@id":"https:\/\/svenskahogtider.se\/pask\/traditioner\/pasktuppen\/#primaryimage","url":"https:\/\/svenskahogtider.se\/pask\/wp-content\/uploads\/sites\/2\/2026\/02\/pasktuppen.jpg","contentUrl":"https:\/\/svenskahogtider.se\/pask\/wp-content\/uploads\/sites\/2\/2026\/02\/pasktuppen.jpg","width":1024,"height":1024,"caption":"tupp i p\u00e5skris"},{"@type":"BreadcrumbList","@id":"https:\/\/svenskahogtider.se\/pask\/traditioner\/pasktuppen\/#breadcrumb","itemListElement":[{"@type":"ListItem","position":1,"name":"Hem","item":"https:\/\/svenskahogtider.se\/pask\/"},{"@type":"ListItem","position":2,"name":"P\u00e5sktuppen"}]},{"@type":"WebSite","@id":"https:\/\/svenskahogtider.se\/pask\/#website","url":"https:\/\/svenskahogtider.se\/pask\/","name":"P\u00e5sk","description":"","potentialAction":[{"@type":"SearchAction","target":{"@type":"EntryPoint","urlTemplate":"https:\/\/svenskahogtider.se\/pask\/?s={search_term_string}"},"query-input":{"@type":"PropertyValueSpecification","valueRequired":true,"valueName":"search_term_string"}}],"inLanguage":"sv-SE"},{"@type":"Person","@id":"https:\/\/svenskahogtider.se\/pask\/#\/schema\/person\/e70b2abc5cbaaa0e031e31843a1ae26b","name":"nicklas@16000.se","image":{"@type":"ImageObject","inLanguage":"sv-SE","@id":"https:\/\/secure.gravatar.com\/avatar\/1d699a22ddc86727c93b8be49a2bf811457b4a1947543d7023ad344be400fbcb?s=96&d=mm&r=g","url":"https:\/\/secure.gravatar.com\/avatar\/1d699a22ddc86727c93b8be49a2bf811457b4a1947543d7023ad344be400fbcb?s=96&d=mm&r=g","contentUrl":"https:\/\/secure.gravatar.com\/avatar\/1d699a22ddc86727c93b8be49a2bf811457b4a1947543d7023ad344be400fbcb?s=96&d=mm&r=g","caption":"nicklas@16000.se"},"sameAs":["https:\/\/svenskahogtider.se"],"url":"https:\/\/svenskahogtider.se\/pask\/author\/nicklas16000-se\/"}]}},"_links":{"self":[{"href":"https:\/\/svenskahogtider.se\/pask\/wp-json\/wp\/v2\/posts\/152","targetHints":{"allow":["GET"]}}],"collection":[{"href":"https:\/\/svenskahogtider.se\/pask\/wp-json\/wp\/v2\/posts"}],"about":[{"href":"https:\/\/svenskahogtider.se\/pask\/wp-json\/wp\/v2\/types\/post"}],"author":[{"embeddable":true,"href":"https:\/\/svenskahogtider.se\/pask\/wp-json\/wp\/v2\/users\/1"}],"replies":[{"embeddable":true,"href":"https:\/\/svenskahogtider.se\/pask\/wp-json\/wp\/v2\/comments?post=152"}],"version-history":[{"count":1,"href":"https:\/\/svenskahogtider.se\/pask\/wp-json\/wp\/v2\/posts\/152\/revisions"}],"predecessor-version":[{"id":154,"href":"https:\/\/svenskahogtider.se\/pask\/wp-json\/wp\/v2\/posts\/152\/revisions\/154"}],"wp:featuredmedia":[{"embeddable":true,"href":"https:\/\/svenskahogtider.se\/pask\/wp-json\/wp\/v2\/media\/153"}],"wp:attachment":[{"href":"https:\/\/svenskahogtider.se\/pask\/wp-json\/wp\/v2\/media?parent=152"}],"wp:term":[{"taxonomy":"category","embeddable":true,"href":"https:\/\/svenskahogtider.se\/pask\/wp-json\/wp\/v2\/categories?post=152"},{"taxonomy":"post_tag","embeddable":true,"href":"https:\/\/svenskahogtider.se\/pask\/wp-json\/wp\/v2\/tags?post=152"}],"curies":[{"name":"wp","href":"https:\/\/api.w.org\/{rel}","templated":true}]}}