{"id":14,"date":"2025-04-20T20:23:41","date_gmt":"2025-04-20T18:23:41","guid":{"rendered":"https:\/\/svenskahogtider.se\/pask\/?p=14"},"modified":"2026-03-22T10:19:44","modified_gmt":"2026-03-22T09:19:44","slug":"mala-agg","status":"publish","type":"post","link":"https:\/\/svenskahogtider.se\/pask\/traditioner\/mala-agg\/","title":{"rendered":"M\u00e5la \u00e4gg"},"content":{"rendered":"\n<h2 class=\"wp-block-heading\">En urgammal tradition av liv och f\u00e4rg<\/h2>\n\n\n\n<p>Att m\u00e5la p\u00e5sk\u00e4gg \u00e4r en av de mest \u00e4lskade och kreativa p\u00e5sktraditionerna, som samlar familjer runt bordet f\u00f6r att skapa sm\u00e5 konstverk. Men denna gl\u00e4djefyllda aktivitet har en historia som str\u00e4cker sig tusentals \u00e5r tillbaka i tiden, l\u00e5ngt innan kristendomens int\u00e5g, och b\u00e4r p\u00e5 en djup symbolik om liv, fruktbarhet och p\u00e5nyttf\u00f6delse.<\/p>\n\n\n\n<h3 class=\"wp-block-heading\">En symbolik \u00e4ldre \u00e4n p\u00e5sken<\/h3>\n\n\n\n<p>Redan under antiken var \u00e4gget en kraftfull symbol f\u00f6r livets ursprung och universums f\u00f6delse. I m\u00e5nga f\u00f6rkristna kulturer s\u00e5gs \u00e4gget som en representation av fruktsamhet och \u00e5terf\u00f6delse, s\u00e4rskilt under v\u00e5rdagj\u00e4mningen n\u00e4r naturen vaknade till liv. Att dekorera \u00e4gg var d\u00e5 ett s\u00e4tt att hedra dessa krafter och fira v\u00e5rens ankomst. Man har hittat dekorerade struts\u00e4gg i Afrika som \u00e4r \u00f6ver 60 000 \u00e5r gamla, vilket visar hur djupt rotad denna tradition \u00e4r i m\u00e4nsklighetens historia.<\/p>\n\n\n\n<p>N\u00e4r kristendomen spred sig, inf\u00f6rlivades \u00e4ggsymboliken i den nya tron. \u00c4gget kom att representera Jesu uppst\u00e5ndelse och l\u00f6ftet om evigt liv. Det h\u00e5rda skalet som brister och sl\u00e4pper ut nytt liv blev en perfekt metafor f\u00f6r graven som \u00f6ppnades p\u00e5 p\u00e5skdagen. Den l\u00e5nga fastan f\u00f6re p\u00e5sk, d\u00e5 det var f\u00f6rbjudet att \u00e4ta \u00e4gg, ledde till att man hade ett stort \u00f6verskott av \u00e4gg n\u00e4r fastan var \u00f6ver. F\u00f6r att bevara dem l\u00e4ngre, och som ett s\u00e4tt att fira, b\u00f6rjade man koka och dekorera dem.<\/p>\n\n\n\n<h3 class=\"wp-block-heading\">F\u00e4rger och tekniker genom tiderna<\/h3>\n\n\n\n<p>Traditionen att f\u00e4rga \u00e4gg har utvecklats genom \u00e5rhundraden. Fr\u00e5n b\u00f6rjan anv\u00e4ndes naturliga f\u00e4rg\u00e4mnen som l\u00f6ksskal f\u00f6r gula och bruna nyanser, r\u00f6dk\u00e5l f\u00f6r bl\u00e5tt, spenat f\u00f6r gr\u00f6nt och r\u00f6dbetor f\u00f6r rosa. Varje f\u00e4rg hade ofta en egen symbolisk betydelse; r\u00f6tt symboliserade Jesu blod, gr\u00f6nt f\u00f6r den nya v\u00e4xtligheten och gult f\u00f6r solen och gl\u00e4djen.<\/p>\n\n\n\n<p>Under medeltiden och fram\u00e5t blev \u00e4ggm\u00e5lningen alltmer sofistikerad, s\u00e4rskilt i \u00d6steuropa d\u00e4r tekniker som Pysanky i Ukraina, med intrikata vaxresist-m\u00f6nster, utvecklades till en konstform. I Sverige och V\u00e4steuropa har fokus legat mer p\u00e5 en enklare, mer folklig dekorering med starka f\u00e4rger och m\u00f6nster.<\/p>\n\n\n\n<p>Idag \u00e4r \u00e4ggm\u00e5lningen en tidl\u00f6s aktivitet som bryter av vardagen och skapar gemensamma minnen. Oavsett om man anv\u00e4nder enkla tuschpennor, karamellf\u00e4rger eller mer avancerade akrylf\u00e4rger, \u00e4r det den kreativa processen och gl\u00e4djen i att skapa n\u00e5got unikt som st\u00e5r i centrum. Det m\u00e5lade p\u00e5sk\u00e4gget \u00e4r en levande l\u00e4nk till b\u00e5de forntida fruktbarhetsriter och kristna traditioner \u2013 en liten, f\u00e4rgstark p\u00e5minnelse om livets eviga cykel. <\/p>\n\n\n\n<p>Snyggast \u00e4gg p\u00e5 \u00e4ggrullningen<\/p>\n\n\n\n<p>Att m\u00e5la \u00e4gg \u00e4r hos en vissa en tradition inf\u00f6r <a href=\"https:\/\/svenskahogtider.se\/pask\/traditioner\/aggrullning\/\" type=\"post\" id=\"20\">\u00e4ggrullningen<\/a>. Det beh\u00f6ver inte bara handla om vackrast \u00e4gg utan man kanske har mer av en &#8221;krigsm\u00e5lning&#8221;.<br>Ibland har man pris f\u00f6r &#8221;snyggast \u00e4gg&#8221; n\u00e4r man rullar \u00e4gg och ibland vill man bara utm\u00e4rka sig med att \u00e4gget s\u00e4rskiljer sig fr\u00e5n de andra.<\/p>\n","protected":false},"excerpt":{"rendered":"<p>En urgammal tradition av liv och f\u00e4rg Att m\u00e5la p\u00e5sk\u00e4gg \u00e4r en av de mest \u00e4lskade och kreativa p\u00e5sktraditionerna, som samlar familjer runt bordet f\u00f6r att skapa sm\u00e5 konstverk. Men denna gl\u00e4djefyllda aktivitet har en historia som str\u00e4cker sig tusentals \u00e5r tillbaka i tiden, l\u00e5ngt innan kristendomens int\u00e5g, och b\u00e4r p\u00e5 en djup symbolik om [&hellip;]<\/p>\n","protected":false},"author":1,"featured_media":98,"comment_status":"open","ping_status":"open","sticky":false,"template":"","format":"standard","meta":{"_acf_changed":false,"footnotes":""},"categories":[2],"tags":[],"class_list":["post-14","post","type-post","status-publish","format-standard","has-post-thumbnail","hentry","category-traditioner"],"acf":[],"yoast_head":"<!-- This site is optimized with the Yoast SEO plugin v27.4 - https:\/\/yoast.com\/product\/yoast-seo-wordpress\/ -->\n<title>L\u00e4s mer om traditionen att m\u00e5la \u00e4gg. H\u00e4r hittar du allt du vill veta f\u00f6r inspiration till ditt p\u00e5skfirande.<\/title>\n<meta name=\"description\" content=\"L\u00e4s allt om den gamla traditionen att m\u00e5la \u00e4gg till p\u00e5sk.\" \/>\n<meta name=\"robots\" content=\"index, follow, max-snippet:-1, max-image-preview:large, max-video-preview:-1\" \/>\n<link rel=\"canonical\" href=\"https:\/\/svenskahogtider.se\/pask\/traditioner\/mala-agg\/\" \/>\n<meta property=\"og:locale\" content=\"sv_SE\" \/>\n<meta property=\"og:type\" content=\"article\" \/>\n<meta property=\"og:title\" content=\"L\u00e4s mer om traditionen att m\u00e5la \u00e4gg. H\u00e4r hittar du allt du vill veta f\u00f6r inspiration till ditt p\u00e5skfirande.\" \/>\n<meta property=\"og:description\" content=\"L\u00e4s allt om den gamla traditionen att m\u00e5la \u00e4gg till p\u00e5sk.\" \/>\n<meta property=\"og:url\" content=\"https:\/\/svenskahogtider.se\/pask\/traditioner\/mala-agg\/\" \/>\n<meta property=\"og:site_name\" content=\"P\u00e5sk\" \/>\n<meta property=\"article:published_time\" content=\"2025-04-20T18:23:41+00:00\" \/>\n<meta property=\"article:modified_time\" content=\"2026-03-22T09:19:44+00:00\" \/>\n<meta property=\"og:image\" content=\"https:\/\/svenskahogtider.se\/pask\/wp-content\/uploads\/sites\/2\/2025\/04\/mala-agg-till-pask.jpg\" \/>\n\t<meta property=\"og:image:width\" content=\"1024\" \/>\n\t<meta property=\"og:image:height\" content=\"1024\" \/>\n\t<meta property=\"og:image:type\" content=\"image\/jpeg\" \/>\n<meta name=\"author\" content=\"nicklas@16000.se\" \/>\n<meta name=\"twitter:card\" content=\"summary_large_image\" \/>\n<meta name=\"twitter:label1\" content=\"Skriven av\" \/>\n\t<meta name=\"twitter:data1\" content=\"nicklas@16000.se\" \/>\n\t<meta name=\"twitter:label2\" content=\"Ber\u00e4knad l\u00e4stid\" \/>\n\t<meta name=\"twitter:data2\" content=\"3 minuter\" \/>\n<script type=\"application\/ld+json\" class=\"yoast-schema-graph\">{\"@context\":\"https:\\\/\\\/schema.org\",\"@graph\":[{\"@type\":\"Article\",\"@id\":\"https:\\\/\\\/svenskahogtider.se\\\/pask\\\/traditioner\\\/mala-agg\\\/#article\",\"isPartOf\":{\"@id\":\"https:\\\/\\\/svenskahogtider.se\\\/pask\\\/traditioner\\\/mala-agg\\\/\"},\"author\":{\"name\":\"nicklas@16000.se\",\"@id\":\"https:\\\/\\\/svenskahogtider.se\\\/pask\\\/#\\\/schema\\\/person\\\/e70b2abc5cbaaa0e031e31843a1ae26b\"},\"headline\":\"M\u00e5la \u00e4gg\",\"datePublished\":\"2025-04-20T18:23:41+00:00\",\"dateModified\":\"2026-03-22T09:19:44+00:00\",\"mainEntityOfPage\":{\"@id\":\"https:\\\/\\\/svenskahogtider.se\\\/pask\\\/traditioner\\\/mala-agg\\\/\"},\"wordCount\":546,\"commentCount\":0,\"image\":{\"@id\":\"https:\\\/\\\/svenskahogtider.se\\\/pask\\\/traditioner\\\/mala-agg\\\/#primaryimage\"},\"thumbnailUrl\":\"https:\\\/\\\/svenskahogtider.se\\\/pask\\\/wp-content\\\/uploads\\\/sites\\\/2\\\/2025\\\/04\\\/mala-agg-till-pask.jpg\",\"articleSection\":[\"Traditioner\"],\"inLanguage\":\"sv-SE\",\"potentialAction\":[{\"@type\":\"CommentAction\",\"name\":\"Comment\",\"target\":[\"https:\\\/\\\/svenskahogtider.se\\\/pask\\\/traditioner\\\/mala-agg\\\/#respond\"]}]},{\"@type\":\"WebPage\",\"@id\":\"https:\\\/\\\/svenskahogtider.se\\\/pask\\\/traditioner\\\/mala-agg\\\/\",\"url\":\"https:\\\/\\\/svenskahogtider.se\\\/pask\\\/traditioner\\\/mala-agg\\\/\",\"name\":\"L\u00e4s mer om traditionen att m\u00e5la \u00e4gg. H\u00e4r hittar du allt du vill veta f\u00f6r inspiration till ditt p\u00e5skfirande.\",\"isPartOf\":{\"@id\":\"https:\\\/\\\/svenskahogtider.se\\\/pask\\\/#website\"},\"primaryImageOfPage\":{\"@id\":\"https:\\\/\\\/svenskahogtider.se\\\/pask\\\/traditioner\\\/mala-agg\\\/#primaryimage\"},\"image\":{\"@id\":\"https:\\\/\\\/svenskahogtider.se\\\/pask\\\/traditioner\\\/mala-agg\\\/#primaryimage\"},\"thumbnailUrl\":\"https:\\\/\\\/svenskahogtider.se\\\/pask\\\/wp-content\\\/uploads\\\/sites\\\/2\\\/2025\\\/04\\\/mala-agg-till-pask.jpg\",\"datePublished\":\"2025-04-20T18:23:41+00:00\",\"dateModified\":\"2026-03-22T09:19:44+00:00\",\"author\":{\"@id\":\"https:\\\/\\\/svenskahogtider.se\\\/pask\\\/#\\\/schema\\\/person\\\/e70b2abc5cbaaa0e031e31843a1ae26b\"},\"description\":\"L\u00e4s allt om den gamla traditionen att m\u00e5la \u00e4gg till p\u00e5sk.\",\"breadcrumb\":{\"@id\":\"https:\\\/\\\/svenskahogtider.se\\\/pask\\\/traditioner\\\/mala-agg\\\/#breadcrumb\"},\"inLanguage\":\"sv-SE\",\"potentialAction\":[{\"@type\":\"ReadAction\",\"target\":[\"https:\\\/\\\/svenskahogtider.se\\\/pask\\\/traditioner\\\/mala-agg\\\/\"]}]},{\"@type\":\"ImageObject\",\"inLanguage\":\"sv-SE\",\"@id\":\"https:\\\/\\\/svenskahogtider.se\\\/pask\\\/traditioner\\\/mala-agg\\\/#primaryimage\",\"url\":\"https:\\\/\\\/svenskahogtider.se\\\/pask\\\/wp-content\\\/uploads\\\/sites\\\/2\\\/2025\\\/04\\\/mala-agg-till-pask.jpg\",\"contentUrl\":\"https:\\\/\\\/svenskahogtider.se\\\/pask\\\/wp-content\\\/uploads\\\/sites\\\/2\\\/2025\\\/04\\\/mala-agg-till-pask.jpg\",\"width\":1024,\"height\":1024,\"caption\":\"barn som m\u00e5lar p\u00e5sk\u00e4gg\"},{\"@type\":\"BreadcrumbList\",\"@id\":\"https:\\\/\\\/svenskahogtider.se\\\/pask\\\/traditioner\\\/mala-agg\\\/#breadcrumb\",\"itemListElement\":[{\"@type\":\"ListItem\",\"position\":1,\"name\":\"Hem\",\"item\":\"https:\\\/\\\/svenskahogtider.se\\\/pask\\\/\"},{\"@type\":\"ListItem\",\"position\":2,\"name\":\"M\u00e5la \u00e4gg\"}]},{\"@type\":\"WebSite\",\"@id\":\"https:\\\/\\\/svenskahogtider.se\\\/pask\\\/#website\",\"url\":\"https:\\\/\\\/svenskahogtider.se\\\/pask\\\/\",\"name\":\"P\u00e5sk\",\"description\":\"\",\"potentialAction\":[{\"@type\":\"SearchAction\",\"target\":{\"@type\":\"EntryPoint\",\"urlTemplate\":\"https:\\\/\\\/svenskahogtider.se\\\/pask\\\/?s={search_term_string}\"},\"query-input\":{\"@type\":\"PropertyValueSpecification\",\"valueRequired\":true,\"valueName\":\"search_term_string\"}}],\"inLanguage\":\"sv-SE\"},{\"@type\":\"Person\",\"@id\":\"https:\\\/\\\/svenskahogtider.se\\\/pask\\\/#\\\/schema\\\/person\\\/e70b2abc5cbaaa0e031e31843a1ae26b\",\"name\":\"nicklas@16000.se\",\"image\":{\"@type\":\"ImageObject\",\"inLanguage\":\"sv-SE\",\"@id\":\"https:\\\/\\\/secure.gravatar.com\\\/avatar\\\/1d699a22ddc86727c93b8be49a2bf811457b4a1947543d7023ad344be400fbcb?s=96&d=mm&r=g\",\"url\":\"https:\\\/\\\/secure.gravatar.com\\\/avatar\\\/1d699a22ddc86727c93b8be49a2bf811457b4a1947543d7023ad344be400fbcb?s=96&d=mm&r=g\",\"contentUrl\":\"https:\\\/\\\/secure.gravatar.com\\\/avatar\\\/1d699a22ddc86727c93b8be49a2bf811457b4a1947543d7023ad344be400fbcb?s=96&d=mm&r=g\",\"caption\":\"nicklas@16000.se\"},\"sameAs\":[\"https:\\\/\\\/svenskahogtider.se\"],\"url\":\"https:\\\/\\\/svenskahogtider.se\\\/pask\\\/author\\\/nicklas16000-se\\\/\"}]}<\/script>\n<!-- \/ Yoast SEO plugin. -->","yoast_head_json":{"title":"L\u00e4s mer om traditionen att m\u00e5la \u00e4gg. H\u00e4r hittar du allt du vill veta f\u00f6r inspiration till ditt p\u00e5skfirande.","description":"L\u00e4s allt om den gamla traditionen att m\u00e5la \u00e4gg till p\u00e5sk.","robots":{"index":"index","follow":"follow","max-snippet":"max-snippet:-1","max-image-preview":"max-image-preview:large","max-video-preview":"max-video-preview:-1"},"canonical":"https:\/\/svenskahogtider.se\/pask\/traditioner\/mala-agg\/","og_locale":"sv_SE","og_type":"article","og_title":"L\u00e4s mer om traditionen att m\u00e5la \u00e4gg. H\u00e4r hittar du allt du vill veta f\u00f6r inspiration till ditt p\u00e5skfirande.","og_description":"L\u00e4s allt om den gamla traditionen att m\u00e5la \u00e4gg till p\u00e5sk.","og_url":"https:\/\/svenskahogtider.se\/pask\/traditioner\/mala-agg\/","og_site_name":"P\u00e5sk","article_published_time":"2025-04-20T18:23:41+00:00","article_modified_time":"2026-03-22T09:19:44+00:00","og_image":[{"width":1024,"height":1024,"url":"https:\/\/svenskahogtider.se\/pask\/wp-content\/uploads\/sites\/2\/2025\/04\/mala-agg-till-pask.jpg","type":"image\/jpeg"}],"author":"nicklas@16000.se","twitter_card":"summary_large_image","twitter_misc":{"Skriven av":"nicklas@16000.se","Ber\u00e4knad l\u00e4stid":"3 minuter"},"schema":{"@context":"https:\/\/schema.org","@graph":[{"@type":"Article","@id":"https:\/\/svenskahogtider.se\/pask\/traditioner\/mala-agg\/#article","isPartOf":{"@id":"https:\/\/svenskahogtider.se\/pask\/traditioner\/mala-agg\/"},"author":{"name":"nicklas@16000.se","@id":"https:\/\/svenskahogtider.se\/pask\/#\/schema\/person\/e70b2abc5cbaaa0e031e31843a1ae26b"},"headline":"M\u00e5la \u00e4gg","datePublished":"2025-04-20T18:23:41+00:00","dateModified":"2026-03-22T09:19:44+00:00","mainEntityOfPage":{"@id":"https:\/\/svenskahogtider.se\/pask\/traditioner\/mala-agg\/"},"wordCount":546,"commentCount":0,"image":{"@id":"https:\/\/svenskahogtider.se\/pask\/traditioner\/mala-agg\/#primaryimage"},"thumbnailUrl":"https:\/\/svenskahogtider.se\/pask\/wp-content\/uploads\/sites\/2\/2025\/04\/mala-agg-till-pask.jpg","articleSection":["Traditioner"],"inLanguage":"sv-SE","potentialAction":[{"@type":"CommentAction","name":"Comment","target":["https:\/\/svenskahogtider.se\/pask\/traditioner\/mala-agg\/#respond"]}]},{"@type":"WebPage","@id":"https:\/\/svenskahogtider.se\/pask\/traditioner\/mala-agg\/","url":"https:\/\/svenskahogtider.se\/pask\/traditioner\/mala-agg\/","name":"L\u00e4s mer om traditionen att m\u00e5la \u00e4gg. H\u00e4r hittar du allt du vill veta f\u00f6r inspiration till ditt p\u00e5skfirande.","isPartOf":{"@id":"https:\/\/svenskahogtider.se\/pask\/#website"},"primaryImageOfPage":{"@id":"https:\/\/svenskahogtider.se\/pask\/traditioner\/mala-agg\/#primaryimage"},"image":{"@id":"https:\/\/svenskahogtider.se\/pask\/traditioner\/mala-agg\/#primaryimage"},"thumbnailUrl":"https:\/\/svenskahogtider.se\/pask\/wp-content\/uploads\/sites\/2\/2025\/04\/mala-agg-till-pask.jpg","datePublished":"2025-04-20T18:23:41+00:00","dateModified":"2026-03-22T09:19:44+00:00","author":{"@id":"https:\/\/svenskahogtider.se\/pask\/#\/schema\/person\/e70b2abc5cbaaa0e031e31843a1ae26b"},"description":"L\u00e4s allt om den gamla traditionen att m\u00e5la \u00e4gg till p\u00e5sk.","breadcrumb":{"@id":"https:\/\/svenskahogtider.se\/pask\/traditioner\/mala-agg\/#breadcrumb"},"inLanguage":"sv-SE","potentialAction":[{"@type":"ReadAction","target":["https:\/\/svenskahogtider.se\/pask\/traditioner\/mala-agg\/"]}]},{"@type":"ImageObject","inLanguage":"sv-SE","@id":"https:\/\/svenskahogtider.se\/pask\/traditioner\/mala-agg\/#primaryimage","url":"https:\/\/svenskahogtider.se\/pask\/wp-content\/uploads\/sites\/2\/2025\/04\/mala-agg-till-pask.jpg","contentUrl":"https:\/\/svenskahogtider.se\/pask\/wp-content\/uploads\/sites\/2\/2025\/04\/mala-agg-till-pask.jpg","width":1024,"height":1024,"caption":"barn som m\u00e5lar p\u00e5sk\u00e4gg"},{"@type":"BreadcrumbList","@id":"https:\/\/svenskahogtider.se\/pask\/traditioner\/mala-agg\/#breadcrumb","itemListElement":[{"@type":"ListItem","position":1,"name":"Hem","item":"https:\/\/svenskahogtider.se\/pask\/"},{"@type":"ListItem","position":2,"name":"M\u00e5la \u00e4gg"}]},{"@type":"WebSite","@id":"https:\/\/svenskahogtider.se\/pask\/#website","url":"https:\/\/svenskahogtider.se\/pask\/","name":"P\u00e5sk","description":"","potentialAction":[{"@type":"SearchAction","target":{"@type":"EntryPoint","urlTemplate":"https:\/\/svenskahogtider.se\/pask\/?s={search_term_string}"},"query-input":{"@type":"PropertyValueSpecification","valueRequired":true,"valueName":"search_term_string"}}],"inLanguage":"sv-SE"},{"@type":"Person","@id":"https:\/\/svenskahogtider.se\/pask\/#\/schema\/person\/e70b2abc5cbaaa0e031e31843a1ae26b","name":"nicklas@16000.se","image":{"@type":"ImageObject","inLanguage":"sv-SE","@id":"https:\/\/secure.gravatar.com\/avatar\/1d699a22ddc86727c93b8be49a2bf811457b4a1947543d7023ad344be400fbcb?s=96&d=mm&r=g","url":"https:\/\/secure.gravatar.com\/avatar\/1d699a22ddc86727c93b8be49a2bf811457b4a1947543d7023ad344be400fbcb?s=96&d=mm&r=g","contentUrl":"https:\/\/secure.gravatar.com\/avatar\/1d699a22ddc86727c93b8be49a2bf811457b4a1947543d7023ad344be400fbcb?s=96&d=mm&r=g","caption":"nicklas@16000.se"},"sameAs":["https:\/\/svenskahogtider.se"],"url":"https:\/\/svenskahogtider.se\/pask\/author\/nicklas16000-se\/"}]}},"_links":{"self":[{"href":"https:\/\/svenskahogtider.se\/pask\/wp-json\/wp\/v2\/posts\/14","targetHints":{"allow":["GET"]}}],"collection":[{"href":"https:\/\/svenskahogtider.se\/pask\/wp-json\/wp\/v2\/posts"}],"about":[{"href":"https:\/\/svenskahogtider.se\/pask\/wp-json\/wp\/v2\/types\/post"}],"author":[{"embeddable":true,"href":"https:\/\/svenskahogtider.se\/pask\/wp-json\/wp\/v2\/users\/1"}],"replies":[{"embeddable":true,"href":"https:\/\/svenskahogtider.se\/pask\/wp-json\/wp\/v2\/comments?post=14"}],"version-history":[{"count":3,"href":"https:\/\/svenskahogtider.se\/pask\/wp-json\/wp\/v2\/posts\/14\/revisions"}],"predecessor-version":[{"id":215,"href":"https:\/\/svenskahogtider.se\/pask\/wp-json\/wp\/v2\/posts\/14\/revisions\/215"}],"wp:featuredmedia":[{"embeddable":true,"href":"https:\/\/svenskahogtider.se\/pask\/wp-json\/wp\/v2\/media\/98"}],"wp:attachment":[{"href":"https:\/\/svenskahogtider.se\/pask\/wp-json\/wp\/v2\/media?parent=14"}],"wp:term":[{"taxonomy":"category","embeddable":true,"href":"https:\/\/svenskahogtider.se\/pask\/wp-json\/wp\/v2\/categories?post=14"},{"taxonomy":"post_tag","embeddable":true,"href":"https:\/\/svenskahogtider.se\/pask\/wp-json\/wp\/v2\/tags?post=14"}],"curies":[{"name":"wp","href":"https:\/\/api.w.org\/{rel}","templated":true}]}}