{"id":122,"date":"2026-02-07T17:44:38","date_gmt":"2026-02-07T16:44:38","guid":{"rendered":"https:\/\/svenskahogtider.se\/pask\/?p=122"},"modified":"2026-02-07T17:44:38","modified_gmt":"2026-02-07T16:44:38","slug":"annandag-pask","status":"publish","type":"post","link":"https:\/\/svenskahogtider.se\/pask\/traditioner\/annandag-pask\/","title":{"rendered":"Annandag p\u00e5sk"},"content":{"rendered":"\n<h2 class=\"wp-block-heading\">Tid f\u00f6r \u00e5terh\u00e4mtning och hemf\u00e4rd<\/h2>\n\n\n\n<p><strong>Annandag p\u00e5sk<\/strong>&nbsp;\u00e4r helgens sista dag och har historiskt sett fungerat som en dag f\u00f6r vila och socialt umg\u00e4nge. F\u00f6rr i tiden var detta en dag d\u00e5 man bes\u00f6kte sl\u00e4ktingar och v\u00e4nner i grannbyarna, eller anordnade mindre gillen. Det var en f\u00f6rl\u00e4ngning av h\u00f6gtiden innan det tunga vardagsarbetet drog ig\u00e5ng igen.<\/p>\n\n\n\n<h3 class=\"wp-block-heading\">Resdag och reflektion<\/h3>\n\n\n\n<p>I det moderna Sverige har annandagen blivit den stora &#8221;hemresardagen&#8221;. M\u00e5nga som firat p\u00e5sk p\u00e5 annan ort eller i fj\u00e4llen packar ihop och s\u00e4tter sig i bilen, vilket ofta g\u00f6r detta till en av \u00e5rets st\u00f6rsta trafikdagar.<\/p>\n\n\n\n<p>Samtidigt \u00e4r det en dag f\u00f6r reflektion och f\u00f6rberedelse inf\u00f6r v\u00e5ren. Man kanske st\u00e4dar undan de sista resterna av p\u00e5skpyntet, planterar om blommor eller bara tar det lugnt i soffan. Det \u00e4r en mjuk landning efter en helg fylld av intryck, smaker och traditioner. Med annandagen st\u00e4ngs d\u00f6rren till p\u00e5sken, men porten till v\u00e5ren st\u00e5r nu vid\u00f6ppen.<\/p>\n","protected":false},"excerpt":{"rendered":"<p>Tid f\u00f6r \u00e5terh\u00e4mtning och hemf\u00e4rd Annandag p\u00e5sk&nbsp;\u00e4r helgens sista dag och har historiskt sett fungerat som en dag f\u00f6r vila och socialt umg\u00e4nge. F\u00f6rr i tiden var detta en dag d\u00e5 man bes\u00f6kte sl\u00e4ktingar och v\u00e4nner i grannbyarna, eller anordnade mindre gillen. Det var en f\u00f6rl\u00e4ngning av h\u00f6gtiden innan det tunga vardagsarbetet drog ig\u00e5ng igen. [&hellip;]<\/p>\n","protected":false},"author":1,"featured_media":0,"comment_status":"open","ping_status":"open","sticky":false,"template":"","format":"standard","meta":{"_acf_changed":false,"footnotes":""},"categories":[2],"tags":[],"class_list":["post-122","post","type-post","status-publish","format-standard","hentry","category-traditioner"],"acf":[],"yoast_head":"<!-- This site is optimized with the Yoast SEO plugin v27.4 - https:\/\/yoast.com\/product\/yoast-seo-wordpress\/ -->\n<title>Annandag p\u00e5sk - P\u00e5sk<\/title>\n<meta name=\"robots\" content=\"index, follow, max-snippet:-1, max-image-preview:large, max-video-preview:-1\" \/>\n<link rel=\"canonical\" href=\"https:\/\/svenskahogtider.se\/pask\/traditioner\/annandag-pask\/\" \/>\n<meta property=\"og:locale\" content=\"sv_SE\" \/>\n<meta property=\"og:type\" content=\"article\" \/>\n<meta property=\"og:title\" content=\"Annandag p\u00e5sk - P\u00e5sk\" \/>\n<meta property=\"og:description\" content=\"Tid f\u00f6r \u00e5terh\u00e4mtning och hemf\u00e4rd Annandag p\u00e5sk&nbsp;\u00e4r helgens sista dag och har historiskt sett fungerat som en dag f\u00f6r vila och socialt umg\u00e4nge. F\u00f6rr i tiden var detta en dag d\u00e5 man bes\u00f6kte sl\u00e4ktingar och v\u00e4nner i grannbyarna, eller anordnade mindre gillen. Det var en f\u00f6rl\u00e4ngning av h\u00f6gtiden innan det tunga vardagsarbetet drog ig\u00e5ng igen. [&hellip;]\" \/>\n<meta property=\"og:url\" content=\"https:\/\/svenskahogtider.se\/pask\/traditioner\/annandag-pask\/\" \/>\n<meta property=\"og:site_name\" content=\"P\u00e5sk\" \/>\n<meta property=\"article:published_time\" content=\"2026-02-07T16:44:38+00:00\" \/>\n<meta name=\"author\" content=\"nicklas@16000.se\" \/>\n<meta name=\"twitter:card\" content=\"summary_large_image\" \/>\n<meta name=\"twitter:label1\" content=\"Skriven av\" \/>\n\t<meta name=\"twitter:data1\" content=\"nicklas@16000.se\" \/>\n\t<meta name=\"twitter:label2\" content=\"Ber\u00e4knad l\u00e4stid\" \/>\n\t<meta name=\"twitter:data2\" content=\"1 minut\" \/>\n<script type=\"application\/ld+json\" class=\"yoast-schema-graph\">{\"@context\":\"https:\\\/\\\/schema.org\",\"@graph\":[{\"@type\":\"Article\",\"@id\":\"https:\\\/\\\/svenskahogtider.se\\\/pask\\\/traditioner\\\/annandag-pask\\\/#article\",\"isPartOf\":{\"@id\":\"https:\\\/\\\/svenskahogtider.se\\\/pask\\\/traditioner\\\/annandag-pask\\\/\"},\"author\":{\"name\":\"nicklas@16000.se\",\"@id\":\"https:\\\/\\\/svenskahogtider.se\\\/pask\\\/#\\\/schema\\\/person\\\/e70b2abc5cbaaa0e031e31843a1ae26b\"},\"headline\":\"Annandag p\u00e5sk\",\"datePublished\":\"2026-02-07T16:44:38+00:00\",\"mainEntityOfPage\":{\"@id\":\"https:\\\/\\\/svenskahogtider.se\\\/pask\\\/traditioner\\\/annandag-pask\\\/\"},\"wordCount\":189,\"commentCount\":0,\"articleSection\":[\"Traditioner\"],\"inLanguage\":\"sv-SE\",\"potentialAction\":[{\"@type\":\"CommentAction\",\"name\":\"Comment\",\"target\":[\"https:\\\/\\\/svenskahogtider.se\\\/pask\\\/traditioner\\\/annandag-pask\\\/#respond\"]}]},{\"@type\":\"WebPage\",\"@id\":\"https:\\\/\\\/svenskahogtider.se\\\/pask\\\/traditioner\\\/annandag-pask\\\/\",\"url\":\"https:\\\/\\\/svenskahogtider.se\\\/pask\\\/traditioner\\\/annandag-pask\\\/\",\"name\":\"Annandag p\u00e5sk - P\u00e5sk\",\"isPartOf\":{\"@id\":\"https:\\\/\\\/svenskahogtider.se\\\/pask\\\/#website\"},\"datePublished\":\"2026-02-07T16:44:38+00:00\",\"author\":{\"@id\":\"https:\\\/\\\/svenskahogtider.se\\\/pask\\\/#\\\/schema\\\/person\\\/e70b2abc5cbaaa0e031e31843a1ae26b\"},\"breadcrumb\":{\"@id\":\"https:\\\/\\\/svenskahogtider.se\\\/pask\\\/traditioner\\\/annandag-pask\\\/#breadcrumb\"},\"inLanguage\":\"sv-SE\",\"potentialAction\":[{\"@type\":\"ReadAction\",\"target\":[\"https:\\\/\\\/svenskahogtider.se\\\/pask\\\/traditioner\\\/annandag-pask\\\/\"]}]},{\"@type\":\"BreadcrumbList\",\"@id\":\"https:\\\/\\\/svenskahogtider.se\\\/pask\\\/traditioner\\\/annandag-pask\\\/#breadcrumb\",\"itemListElement\":[{\"@type\":\"ListItem\",\"position\":1,\"name\":\"Hem\",\"item\":\"https:\\\/\\\/svenskahogtider.se\\\/pask\\\/\"},{\"@type\":\"ListItem\",\"position\":2,\"name\":\"Annandag p\u00e5sk\"}]},{\"@type\":\"WebSite\",\"@id\":\"https:\\\/\\\/svenskahogtider.se\\\/pask\\\/#website\",\"url\":\"https:\\\/\\\/svenskahogtider.se\\\/pask\\\/\",\"name\":\"P\u00e5sk\",\"description\":\"\",\"potentialAction\":[{\"@type\":\"SearchAction\",\"target\":{\"@type\":\"EntryPoint\",\"urlTemplate\":\"https:\\\/\\\/svenskahogtider.se\\\/pask\\\/?s={search_term_string}\"},\"query-input\":{\"@type\":\"PropertyValueSpecification\",\"valueRequired\":true,\"valueName\":\"search_term_string\"}}],\"inLanguage\":\"sv-SE\"},{\"@type\":\"Person\",\"@id\":\"https:\\\/\\\/svenskahogtider.se\\\/pask\\\/#\\\/schema\\\/person\\\/e70b2abc5cbaaa0e031e31843a1ae26b\",\"name\":\"nicklas@16000.se\",\"image\":{\"@type\":\"ImageObject\",\"inLanguage\":\"sv-SE\",\"@id\":\"https:\\\/\\\/secure.gravatar.com\\\/avatar\\\/1d699a22ddc86727c93b8be49a2bf811457b4a1947543d7023ad344be400fbcb?s=96&d=mm&r=g\",\"url\":\"https:\\\/\\\/secure.gravatar.com\\\/avatar\\\/1d699a22ddc86727c93b8be49a2bf811457b4a1947543d7023ad344be400fbcb?s=96&d=mm&r=g\",\"contentUrl\":\"https:\\\/\\\/secure.gravatar.com\\\/avatar\\\/1d699a22ddc86727c93b8be49a2bf811457b4a1947543d7023ad344be400fbcb?s=96&d=mm&r=g\",\"caption\":\"nicklas@16000.se\"},\"sameAs\":[\"https:\\\/\\\/svenskahogtider.se\"],\"url\":\"https:\\\/\\\/svenskahogtider.se\\\/pask\\\/author\\\/nicklas16000-se\\\/\"}]}<\/script>\n<!-- \/ Yoast SEO plugin. -->","yoast_head_json":{"title":"Annandag p\u00e5sk - P\u00e5sk","robots":{"index":"index","follow":"follow","max-snippet":"max-snippet:-1","max-image-preview":"max-image-preview:large","max-video-preview":"max-video-preview:-1"},"canonical":"https:\/\/svenskahogtider.se\/pask\/traditioner\/annandag-pask\/","og_locale":"sv_SE","og_type":"article","og_title":"Annandag p\u00e5sk - P\u00e5sk","og_description":"Tid f\u00f6r \u00e5terh\u00e4mtning och hemf\u00e4rd Annandag p\u00e5sk&nbsp;\u00e4r helgens sista dag och har historiskt sett fungerat som en dag f\u00f6r vila och socialt umg\u00e4nge. F\u00f6rr i tiden var detta en dag d\u00e5 man bes\u00f6kte sl\u00e4ktingar och v\u00e4nner i grannbyarna, eller anordnade mindre gillen. Det var en f\u00f6rl\u00e4ngning av h\u00f6gtiden innan det tunga vardagsarbetet drog ig\u00e5ng igen. [&hellip;]","og_url":"https:\/\/svenskahogtider.se\/pask\/traditioner\/annandag-pask\/","og_site_name":"P\u00e5sk","article_published_time":"2026-02-07T16:44:38+00:00","author":"nicklas@16000.se","twitter_card":"summary_large_image","twitter_misc":{"Skriven av":"nicklas@16000.se","Ber\u00e4knad l\u00e4stid":"1 minut"},"schema":{"@context":"https:\/\/schema.org","@graph":[{"@type":"Article","@id":"https:\/\/svenskahogtider.se\/pask\/traditioner\/annandag-pask\/#article","isPartOf":{"@id":"https:\/\/svenskahogtider.se\/pask\/traditioner\/annandag-pask\/"},"author":{"name":"nicklas@16000.se","@id":"https:\/\/svenskahogtider.se\/pask\/#\/schema\/person\/e70b2abc5cbaaa0e031e31843a1ae26b"},"headline":"Annandag p\u00e5sk","datePublished":"2026-02-07T16:44:38+00:00","mainEntityOfPage":{"@id":"https:\/\/svenskahogtider.se\/pask\/traditioner\/annandag-pask\/"},"wordCount":189,"commentCount":0,"articleSection":["Traditioner"],"inLanguage":"sv-SE","potentialAction":[{"@type":"CommentAction","name":"Comment","target":["https:\/\/svenskahogtider.se\/pask\/traditioner\/annandag-pask\/#respond"]}]},{"@type":"WebPage","@id":"https:\/\/svenskahogtider.se\/pask\/traditioner\/annandag-pask\/","url":"https:\/\/svenskahogtider.se\/pask\/traditioner\/annandag-pask\/","name":"Annandag p\u00e5sk - P\u00e5sk","isPartOf":{"@id":"https:\/\/svenskahogtider.se\/pask\/#website"},"datePublished":"2026-02-07T16:44:38+00:00","author":{"@id":"https:\/\/svenskahogtider.se\/pask\/#\/schema\/person\/e70b2abc5cbaaa0e031e31843a1ae26b"},"breadcrumb":{"@id":"https:\/\/svenskahogtider.se\/pask\/traditioner\/annandag-pask\/#breadcrumb"},"inLanguage":"sv-SE","potentialAction":[{"@type":"ReadAction","target":["https:\/\/svenskahogtider.se\/pask\/traditioner\/annandag-pask\/"]}]},{"@type":"BreadcrumbList","@id":"https:\/\/svenskahogtider.se\/pask\/traditioner\/annandag-pask\/#breadcrumb","itemListElement":[{"@type":"ListItem","position":1,"name":"Hem","item":"https:\/\/svenskahogtider.se\/pask\/"},{"@type":"ListItem","position":2,"name":"Annandag p\u00e5sk"}]},{"@type":"WebSite","@id":"https:\/\/svenskahogtider.se\/pask\/#website","url":"https:\/\/svenskahogtider.se\/pask\/","name":"P\u00e5sk","description":"","potentialAction":[{"@type":"SearchAction","target":{"@type":"EntryPoint","urlTemplate":"https:\/\/svenskahogtider.se\/pask\/?s={search_term_string}"},"query-input":{"@type":"PropertyValueSpecification","valueRequired":true,"valueName":"search_term_string"}}],"inLanguage":"sv-SE"},{"@type":"Person","@id":"https:\/\/svenskahogtider.se\/pask\/#\/schema\/person\/e70b2abc5cbaaa0e031e31843a1ae26b","name":"nicklas@16000.se","image":{"@type":"ImageObject","inLanguage":"sv-SE","@id":"https:\/\/secure.gravatar.com\/avatar\/1d699a22ddc86727c93b8be49a2bf811457b4a1947543d7023ad344be400fbcb?s=96&d=mm&r=g","url":"https:\/\/secure.gravatar.com\/avatar\/1d699a22ddc86727c93b8be49a2bf811457b4a1947543d7023ad344be400fbcb?s=96&d=mm&r=g","contentUrl":"https:\/\/secure.gravatar.com\/avatar\/1d699a22ddc86727c93b8be49a2bf811457b4a1947543d7023ad344be400fbcb?s=96&d=mm&r=g","caption":"nicklas@16000.se"},"sameAs":["https:\/\/svenskahogtider.se"],"url":"https:\/\/svenskahogtider.se\/pask\/author\/nicklas16000-se\/"}]}},"_links":{"self":[{"href":"https:\/\/svenskahogtider.se\/pask\/wp-json\/wp\/v2\/posts\/122","targetHints":{"allow":["GET"]}}],"collection":[{"href":"https:\/\/svenskahogtider.se\/pask\/wp-json\/wp\/v2\/posts"}],"about":[{"href":"https:\/\/svenskahogtider.se\/pask\/wp-json\/wp\/v2\/types\/post"}],"author":[{"embeddable":true,"href":"https:\/\/svenskahogtider.se\/pask\/wp-json\/wp\/v2\/users\/1"}],"replies":[{"embeddable":true,"href":"https:\/\/svenskahogtider.se\/pask\/wp-json\/wp\/v2\/comments?post=122"}],"version-history":[{"count":1,"href":"https:\/\/svenskahogtider.se\/pask\/wp-json\/wp\/v2\/posts\/122\/revisions"}],"predecessor-version":[{"id":123,"href":"https:\/\/svenskahogtider.se\/pask\/wp-json\/wp\/v2\/posts\/122\/revisions\/123"}],"wp:attachment":[{"href":"https:\/\/svenskahogtider.se\/pask\/wp-json\/wp\/v2\/media?parent=122"}],"wp:term":[{"taxonomy":"category","embeddable":true,"href":"https:\/\/svenskahogtider.se\/pask\/wp-json\/wp\/v2\/categories?post=122"},{"taxonomy":"post_tag","embeddable":true,"href":"https:\/\/svenskahogtider.se\/pask\/wp-json\/wp\/v2\/tags?post=122"}],"curies":[{"name":"wp","href":"https:\/\/api.w.org\/{rel}","templated":true}]}}