{"id":120,"date":"2026-02-07T17:43:42","date_gmt":"2026-02-07T16:43:42","guid":{"rendered":"https:\/\/svenskahogtider.se\/pask\/?p=120"},"modified":"2026-02-07T17:43:43","modified_gmt":"2026-02-07T16:43:43","slug":"paskdagen","status":"publish","type":"post","link":"https:\/\/svenskahogtider.se\/pask\/traditioner\/paskdagen\/","title":{"rendered":"P\u00e5skdagen"},"content":{"rendered":"\n<h2 class=\"wp-block-heading\">Uppst\u00e5ndelsens och gl\u00e4djens morgon<\/h2>\n\n\n\n<p>Om p\u00e5skaftonen \u00e4r den folkliga festens dag, \u00e4r&nbsp;<strong>p\u00e5skdagen<\/strong>&nbsp;den st\u00f6rsta och viktigaste dagen inom den kristna kyrkan. Det \u00e4r nu man firar Jesu uppst\u00e5ndelse, vilket \u00e4r sj\u00e4lva grundbulten i den kristna tron. Efter l\u00e5ngfredagens sorg och p\u00e5skaftonens v\u00e4ntan rings nu p\u00e5sken in med budskapet om livets seger \u00f6ver d\u00f6den.<\/p>\n\n\n\n<h3 class=\"wp-block-heading\">En dag av ljus och lyx<\/h3>\n\n\n\n<p>Historiskt sett var detta dagen d\u00e5 man \u00e4ntligen fick bryta fastan p\u00e5 riktigt, \u00e4ven i de mest strikta hush\u00e5llen. I det gamla bondesamh\u00e4llet var p\u00e5skdagen en dag f\u00f6r kyrkog\u00e5ng, men ocks\u00e5 f\u00f6r att \u00e4ta den finaste maten man hade att tillg\u00e5. \u00c4ven idag \u00e4r det vanligt med en mer formell och lyxig lunch eller middag, d\u00e4r lammsteken ofta st\u00e5r i centrum.<\/p>\n\n\n\n<p>F\u00f6r m\u00e5nga familjer inneb\u00e4r p\u00e5skdagen en v\u00e4lbeh\u00f6vlig stund av lugn efter l\u00f6rdagens firande. Man njuter av det sista p\u00e5skgodiset, tar en l\u00e5ngpromenad i v\u00e5rsolen och ser hur naturen b\u00f6rjar vakna till liv. Det \u00e4r en dag pr\u00e4glad av ljus och framtidstro.<\/p>\n","protected":false},"excerpt":{"rendered":"<p>Uppst\u00e5ndelsens och gl\u00e4djens morgon Om p\u00e5skaftonen \u00e4r den folkliga festens dag, \u00e4r&nbsp;p\u00e5skdagen&nbsp;den st\u00f6rsta och viktigaste dagen inom den kristna kyrkan. Det \u00e4r nu man firar Jesu uppst\u00e5ndelse, vilket \u00e4r sj\u00e4lva grundbulten i den kristna tron. Efter l\u00e5ngfredagens sorg och p\u00e5skaftonens v\u00e4ntan rings nu p\u00e5sken in med budskapet om livets seger \u00f6ver d\u00f6den. En dag av [&hellip;]<\/p>\n","protected":false},"author":1,"featured_media":0,"comment_status":"open","ping_status":"open","sticky":false,"template":"","format":"standard","meta":{"_acf_changed":false,"footnotes":""},"categories":[2],"tags":[],"class_list":["post-120","post","type-post","status-publish","format-standard","hentry","category-traditioner"],"acf":[],"yoast_head":"<!-- This site is optimized with the Yoast SEO plugin v27.4 - https:\/\/yoast.com\/product\/yoast-seo-wordpress\/ -->\n<title>P\u00e5skdagen - P\u00e5sk<\/title>\n<meta name=\"robots\" content=\"index, follow, max-snippet:-1, max-image-preview:large, max-video-preview:-1\" \/>\n<link rel=\"canonical\" href=\"https:\/\/svenskahogtider.se\/pask\/traditioner\/paskdagen\/\" \/>\n<meta property=\"og:locale\" content=\"sv_SE\" \/>\n<meta property=\"og:type\" content=\"article\" \/>\n<meta property=\"og:title\" content=\"P\u00e5skdagen - P\u00e5sk\" \/>\n<meta property=\"og:description\" content=\"Uppst\u00e5ndelsens och gl\u00e4djens morgon Om p\u00e5skaftonen \u00e4r den folkliga festens dag, \u00e4r&nbsp;p\u00e5skdagen&nbsp;den st\u00f6rsta och viktigaste dagen inom den kristna kyrkan. Det \u00e4r nu man firar Jesu uppst\u00e5ndelse, vilket \u00e4r sj\u00e4lva grundbulten i den kristna tron. Efter l\u00e5ngfredagens sorg och p\u00e5skaftonens v\u00e4ntan rings nu p\u00e5sken in med budskapet om livets seger \u00f6ver d\u00f6den. En dag av [&hellip;]\" \/>\n<meta property=\"og:url\" content=\"https:\/\/svenskahogtider.se\/pask\/traditioner\/paskdagen\/\" \/>\n<meta property=\"og:site_name\" content=\"P\u00e5sk\" \/>\n<meta property=\"article:published_time\" content=\"2026-02-07T16:43:42+00:00\" \/>\n<meta property=\"article:modified_time\" content=\"2026-02-07T16:43:43+00:00\" \/>\n<meta name=\"author\" content=\"nicklas@16000.se\" \/>\n<meta name=\"twitter:card\" content=\"summary_large_image\" \/>\n<meta name=\"twitter:label1\" content=\"Skriven av\" \/>\n\t<meta name=\"twitter:data1\" content=\"nicklas@16000.se\" \/>\n\t<meta name=\"twitter:label2\" content=\"Ber\u00e4knad l\u00e4stid\" \/>\n\t<meta name=\"twitter:data2\" content=\"1 minut\" \/>\n<script type=\"application\/ld+json\" class=\"yoast-schema-graph\">{\"@context\":\"https:\\\/\\\/schema.org\",\"@graph\":[{\"@type\":\"Article\",\"@id\":\"https:\\\/\\\/svenskahogtider.se\\\/pask\\\/traditioner\\\/paskdagen\\\/#article\",\"isPartOf\":{\"@id\":\"https:\\\/\\\/svenskahogtider.se\\\/pask\\\/traditioner\\\/paskdagen\\\/\"},\"author\":{\"name\":\"nicklas@16000.se\",\"@id\":\"https:\\\/\\\/svenskahogtider.se\\\/pask\\\/#\\\/schema\\\/person\\\/e70b2abc5cbaaa0e031e31843a1ae26b\"},\"headline\":\"P\u00e5skdagen\",\"datePublished\":\"2026-02-07T16:43:42+00:00\",\"dateModified\":\"2026-02-07T16:43:43+00:00\",\"mainEntityOfPage\":{\"@id\":\"https:\\\/\\\/svenskahogtider.se\\\/pask\\\/traditioner\\\/paskdagen\\\/\"},\"wordCount\":198,\"commentCount\":0,\"articleSection\":[\"Traditioner\"],\"inLanguage\":\"sv-SE\",\"potentialAction\":[{\"@type\":\"CommentAction\",\"name\":\"Comment\",\"target\":[\"https:\\\/\\\/svenskahogtider.se\\\/pask\\\/traditioner\\\/paskdagen\\\/#respond\"]}]},{\"@type\":\"WebPage\",\"@id\":\"https:\\\/\\\/svenskahogtider.se\\\/pask\\\/traditioner\\\/paskdagen\\\/\",\"url\":\"https:\\\/\\\/svenskahogtider.se\\\/pask\\\/traditioner\\\/paskdagen\\\/\",\"name\":\"P\u00e5skdagen - P\u00e5sk\",\"isPartOf\":{\"@id\":\"https:\\\/\\\/svenskahogtider.se\\\/pask\\\/#website\"},\"datePublished\":\"2026-02-07T16:43:42+00:00\",\"dateModified\":\"2026-02-07T16:43:43+00:00\",\"author\":{\"@id\":\"https:\\\/\\\/svenskahogtider.se\\\/pask\\\/#\\\/schema\\\/person\\\/e70b2abc5cbaaa0e031e31843a1ae26b\"},\"breadcrumb\":{\"@id\":\"https:\\\/\\\/svenskahogtider.se\\\/pask\\\/traditioner\\\/paskdagen\\\/#breadcrumb\"},\"inLanguage\":\"sv-SE\",\"potentialAction\":[{\"@type\":\"ReadAction\",\"target\":[\"https:\\\/\\\/svenskahogtider.se\\\/pask\\\/traditioner\\\/paskdagen\\\/\"]}]},{\"@type\":\"BreadcrumbList\",\"@id\":\"https:\\\/\\\/svenskahogtider.se\\\/pask\\\/traditioner\\\/paskdagen\\\/#breadcrumb\",\"itemListElement\":[{\"@type\":\"ListItem\",\"position\":1,\"name\":\"Hem\",\"item\":\"https:\\\/\\\/svenskahogtider.se\\\/pask\\\/\"},{\"@type\":\"ListItem\",\"position\":2,\"name\":\"P\u00e5skdagen\"}]},{\"@type\":\"WebSite\",\"@id\":\"https:\\\/\\\/svenskahogtider.se\\\/pask\\\/#website\",\"url\":\"https:\\\/\\\/svenskahogtider.se\\\/pask\\\/\",\"name\":\"P\u00e5sk\",\"description\":\"\",\"potentialAction\":[{\"@type\":\"SearchAction\",\"target\":{\"@type\":\"EntryPoint\",\"urlTemplate\":\"https:\\\/\\\/svenskahogtider.se\\\/pask\\\/?s={search_term_string}\"},\"query-input\":{\"@type\":\"PropertyValueSpecification\",\"valueRequired\":true,\"valueName\":\"search_term_string\"}}],\"inLanguage\":\"sv-SE\"},{\"@type\":\"Person\",\"@id\":\"https:\\\/\\\/svenskahogtider.se\\\/pask\\\/#\\\/schema\\\/person\\\/e70b2abc5cbaaa0e031e31843a1ae26b\",\"name\":\"nicklas@16000.se\",\"image\":{\"@type\":\"ImageObject\",\"inLanguage\":\"sv-SE\",\"@id\":\"https:\\\/\\\/secure.gravatar.com\\\/avatar\\\/1d699a22ddc86727c93b8be49a2bf811457b4a1947543d7023ad344be400fbcb?s=96&d=mm&r=g\",\"url\":\"https:\\\/\\\/secure.gravatar.com\\\/avatar\\\/1d699a22ddc86727c93b8be49a2bf811457b4a1947543d7023ad344be400fbcb?s=96&d=mm&r=g\",\"contentUrl\":\"https:\\\/\\\/secure.gravatar.com\\\/avatar\\\/1d699a22ddc86727c93b8be49a2bf811457b4a1947543d7023ad344be400fbcb?s=96&d=mm&r=g\",\"caption\":\"nicklas@16000.se\"},\"sameAs\":[\"https:\\\/\\\/svenskahogtider.se\"],\"url\":\"https:\\\/\\\/svenskahogtider.se\\\/pask\\\/author\\\/nicklas16000-se\\\/\"}]}<\/script>\n<!-- \/ Yoast SEO plugin. -->","yoast_head_json":{"title":"P\u00e5skdagen - P\u00e5sk","robots":{"index":"index","follow":"follow","max-snippet":"max-snippet:-1","max-image-preview":"max-image-preview:large","max-video-preview":"max-video-preview:-1"},"canonical":"https:\/\/svenskahogtider.se\/pask\/traditioner\/paskdagen\/","og_locale":"sv_SE","og_type":"article","og_title":"P\u00e5skdagen - P\u00e5sk","og_description":"Uppst\u00e5ndelsens och gl\u00e4djens morgon Om p\u00e5skaftonen \u00e4r den folkliga festens dag, \u00e4r&nbsp;p\u00e5skdagen&nbsp;den st\u00f6rsta och viktigaste dagen inom den kristna kyrkan. Det \u00e4r nu man firar Jesu uppst\u00e5ndelse, vilket \u00e4r sj\u00e4lva grundbulten i den kristna tron. Efter l\u00e5ngfredagens sorg och p\u00e5skaftonens v\u00e4ntan rings nu p\u00e5sken in med budskapet om livets seger \u00f6ver d\u00f6den. En dag av [&hellip;]","og_url":"https:\/\/svenskahogtider.se\/pask\/traditioner\/paskdagen\/","og_site_name":"P\u00e5sk","article_published_time":"2026-02-07T16:43:42+00:00","article_modified_time":"2026-02-07T16:43:43+00:00","author":"nicklas@16000.se","twitter_card":"summary_large_image","twitter_misc":{"Skriven av":"nicklas@16000.se","Ber\u00e4knad l\u00e4stid":"1 minut"},"schema":{"@context":"https:\/\/schema.org","@graph":[{"@type":"Article","@id":"https:\/\/svenskahogtider.se\/pask\/traditioner\/paskdagen\/#article","isPartOf":{"@id":"https:\/\/svenskahogtider.se\/pask\/traditioner\/paskdagen\/"},"author":{"name":"nicklas@16000.se","@id":"https:\/\/svenskahogtider.se\/pask\/#\/schema\/person\/e70b2abc5cbaaa0e031e31843a1ae26b"},"headline":"P\u00e5skdagen","datePublished":"2026-02-07T16:43:42+00:00","dateModified":"2026-02-07T16:43:43+00:00","mainEntityOfPage":{"@id":"https:\/\/svenskahogtider.se\/pask\/traditioner\/paskdagen\/"},"wordCount":198,"commentCount":0,"articleSection":["Traditioner"],"inLanguage":"sv-SE","potentialAction":[{"@type":"CommentAction","name":"Comment","target":["https:\/\/svenskahogtider.se\/pask\/traditioner\/paskdagen\/#respond"]}]},{"@type":"WebPage","@id":"https:\/\/svenskahogtider.se\/pask\/traditioner\/paskdagen\/","url":"https:\/\/svenskahogtider.se\/pask\/traditioner\/paskdagen\/","name":"P\u00e5skdagen - P\u00e5sk","isPartOf":{"@id":"https:\/\/svenskahogtider.se\/pask\/#website"},"datePublished":"2026-02-07T16:43:42+00:00","dateModified":"2026-02-07T16:43:43+00:00","author":{"@id":"https:\/\/svenskahogtider.se\/pask\/#\/schema\/person\/e70b2abc5cbaaa0e031e31843a1ae26b"},"breadcrumb":{"@id":"https:\/\/svenskahogtider.se\/pask\/traditioner\/paskdagen\/#breadcrumb"},"inLanguage":"sv-SE","potentialAction":[{"@type":"ReadAction","target":["https:\/\/svenskahogtider.se\/pask\/traditioner\/paskdagen\/"]}]},{"@type":"BreadcrumbList","@id":"https:\/\/svenskahogtider.se\/pask\/traditioner\/paskdagen\/#breadcrumb","itemListElement":[{"@type":"ListItem","position":1,"name":"Hem","item":"https:\/\/svenskahogtider.se\/pask\/"},{"@type":"ListItem","position":2,"name":"P\u00e5skdagen"}]},{"@type":"WebSite","@id":"https:\/\/svenskahogtider.se\/pask\/#website","url":"https:\/\/svenskahogtider.se\/pask\/","name":"P\u00e5sk","description":"","potentialAction":[{"@type":"SearchAction","target":{"@type":"EntryPoint","urlTemplate":"https:\/\/svenskahogtider.se\/pask\/?s={search_term_string}"},"query-input":{"@type":"PropertyValueSpecification","valueRequired":true,"valueName":"search_term_string"}}],"inLanguage":"sv-SE"},{"@type":"Person","@id":"https:\/\/svenskahogtider.se\/pask\/#\/schema\/person\/e70b2abc5cbaaa0e031e31843a1ae26b","name":"nicklas@16000.se","image":{"@type":"ImageObject","inLanguage":"sv-SE","@id":"https:\/\/secure.gravatar.com\/avatar\/1d699a22ddc86727c93b8be49a2bf811457b4a1947543d7023ad344be400fbcb?s=96&d=mm&r=g","url":"https:\/\/secure.gravatar.com\/avatar\/1d699a22ddc86727c93b8be49a2bf811457b4a1947543d7023ad344be400fbcb?s=96&d=mm&r=g","contentUrl":"https:\/\/secure.gravatar.com\/avatar\/1d699a22ddc86727c93b8be49a2bf811457b4a1947543d7023ad344be400fbcb?s=96&d=mm&r=g","caption":"nicklas@16000.se"},"sameAs":["https:\/\/svenskahogtider.se"],"url":"https:\/\/svenskahogtider.se\/pask\/author\/nicklas16000-se\/"}]}},"_links":{"self":[{"href":"https:\/\/svenskahogtider.se\/pask\/wp-json\/wp\/v2\/posts\/120","targetHints":{"allow":["GET"]}}],"collection":[{"href":"https:\/\/svenskahogtider.se\/pask\/wp-json\/wp\/v2\/posts"}],"about":[{"href":"https:\/\/svenskahogtider.se\/pask\/wp-json\/wp\/v2\/types\/post"}],"author":[{"embeddable":true,"href":"https:\/\/svenskahogtider.se\/pask\/wp-json\/wp\/v2\/users\/1"}],"replies":[{"embeddable":true,"href":"https:\/\/svenskahogtider.se\/pask\/wp-json\/wp\/v2\/comments?post=120"}],"version-history":[{"count":1,"href":"https:\/\/svenskahogtider.se\/pask\/wp-json\/wp\/v2\/posts\/120\/revisions"}],"predecessor-version":[{"id":121,"href":"https:\/\/svenskahogtider.se\/pask\/wp-json\/wp\/v2\/posts\/120\/revisions\/121"}],"wp:attachment":[{"href":"https:\/\/svenskahogtider.se\/pask\/wp-json\/wp\/v2\/media?parent=120"}],"wp:term":[{"taxonomy":"category","embeddable":true,"href":"https:\/\/svenskahogtider.se\/pask\/wp-json\/wp\/v2\/categories?post=120"},{"taxonomy":"post_tag","embeddable":true,"href":"https:\/\/svenskahogtider.se\/pask\/wp-json\/wp\/v2\/tags?post=120"}],"curies":[{"name":"wp","href":"https:\/\/api.w.org\/{rel}","templated":true}]}}