{"id":118,"date":"2026-02-07T17:20:27","date_gmt":"2026-02-07T16:20:27","guid":{"rendered":"https:\/\/svenskahogtider.se\/pask\/?p=118"},"modified":"2026-02-07T17:20:27","modified_gmt":"2026-02-07T16:20:27","slug":"paskafton","status":"publish","type":"post","link":"https:\/\/svenskahogtider.se\/pask\/traditioner\/paskafton\/","title":{"rendered":"P\u00e5skafton"},"content":{"rendered":"\n<h2 class=\"wp-block-heading\">H\u00f6jdpunkten av fest, mat och gemenskap<\/h2>\n\n\n\n<p>Om sk\u00e4rtorsdagen handlar om mystik och l\u00e5ngfredagen om stillhet, s\u00e5 \u00e4r&nbsp;<strong>p\u00e5skafton<\/strong>&nbsp;den dag d\u00e5 proppen g\u00e5r ur. I Sverige \u00e4r detta p\u00e5skhelgens stora final och den dag d\u00e5 vi samlar n\u00e4ra och k\u00e4ra f\u00f6r att fira livets och v\u00e5rens \u00e5terkomst. Trots att p\u00e5skdagen egentligen \u00e4r den religi\u00f6sa h\u00f6gtidsdagen, har vi i Norden \u2013 precis som med julafton \u2013 valt att l\u00e4gga det st\u00f6rsta firandet p\u00e5 sj\u00e4lva aftonen.<\/p>\n\n\n\n<h3 class=\"wp-block-heading\">Fr\u00e5n fasta till festbord<\/h3>\n\n\n\n<p>Historiskt sett markerade p\u00e5skaftonen slutet p\u00e5 den l\u00e5nga p\u00e5skfastan. Vid midnatt var det \u00e4ntligen till\u00e5tet att \u00e4ta k\u00f6tt och \u00e4gg igen, vilket lade grunden till det dignande p\u00e5skbord vi ser idag. Det svenska p\u00e5skbordet \u00e4r en f\u00e4rgstark hyllning till v\u00e5rens prim\u00f6rer och havets l\u00e4ckerheter. H\u00e4r samsas sill, lax och \u00e4gghalvor med varmr\u00e4tter som Janssons frestelse, k\u00f6ttbullar och lammstek. Det \u00e4r en m\u00e5ltid som bygger p\u00e5 det klassiska sm\u00f6rg\u00e5sbordet, men med en l\u00e4ttare och mer v\u00e5rlik karakt\u00e4r \u00e4n julbordets tunga r\u00e4tter.<\/p>\n\n\n\n<h3 class=\"wp-block-heading\">\u00c4ggens och godisets dag<\/h3>\n\n\n\n<p>F\u00f6r barnen (och m\u00e5nga vuxna) \u00e4r p\u00e5skaftonen synonym med det stora s\u00f6kandet. Det \u00e4r nu p\u00e5skharen s\u00e4gs smyga runt och g\u00f6mma de fyllda p\u00e5sk\u00e4ggen. Jakten p\u00e5 \u00e4ggen har blivit en av v\u00e5ra mest levande traditioner, d\u00e4r tr\u00e4dg\u00e5rdar och vardagsrum fylls av f\u00f6rv\u00e4ntansfullt letande. Sverige \u00e4r ett av de l\u00e4nder i v\u00e4rlden som konsumerar mest godis under p\u00e5sken, och de f\u00e4rgglada papp\u00e4ggen fyllda med l\u00f6sviktsgodis och choklad \u00e4r en symbol f\u00f6r den kravl\u00f6sa gl\u00e4dje som dagen inneb\u00e4r.<\/p>\n\n\n\n<h3 class=\"wp-block-heading\">Brasor och firande<\/h3>\n\n\n\n<p>I vissa delar av landet, s\u00e4rskilt p\u00e5 v\u00e4stkusten, lever traditionen med p\u00e5skeldar kvar p\u00e5 p\u00e5skaftonskv\u00e4llen. F\u00f6rr t\u00e4ndes dessa f\u00f6r att skr\u00e4mma bort h\u00e4xorna n\u00e4r de \u00e5terv\u00e4nde fr\u00e5n Bl\u00e5kulla, men idag fungerar de som en social samlingspunkt d\u00e4r grannar m\u00f6ts f\u00f6r att h\u00e4lsa v\u00e5ren v\u00e4lkommen.<\/p>\n\n\n\n<p>P\u00e5skaftonen idag \u00e4r en dag f\u00f6r alla sinnen. Det \u00e4r doften av nylagad mat, synen av f\u00e4rgglatt p\u00e5skris, smaken av p\u00e5skmust och ljudet av skratt fr\u00e5n barn som \u00e4ntligen hittat sitt godis. Det \u00e4r en dag d\u00e5 vi l\u00e4mnar vinterns m\u00f6rker bakom oss och blickar fram\u00e5t mot ljusare tider.<\/p>\n","protected":false},"excerpt":{"rendered":"<p>H\u00f6jdpunkten av fest, mat och gemenskap Om sk\u00e4rtorsdagen handlar om mystik och l\u00e5ngfredagen om stillhet, s\u00e5 \u00e4r&nbsp;p\u00e5skafton&nbsp;den dag d\u00e5 proppen g\u00e5r ur. I Sverige \u00e4r detta p\u00e5skhelgens stora final och den dag d\u00e5 vi samlar n\u00e4ra och k\u00e4ra f\u00f6r att fira livets och v\u00e5rens \u00e5terkomst. Trots att p\u00e5skdagen egentligen \u00e4r den religi\u00f6sa h\u00f6gtidsdagen, har vi [&hellip;]<\/p>\n","protected":false},"author":1,"featured_media":0,"comment_status":"open","ping_status":"open","sticky":false,"template":"","format":"standard","meta":{"_acf_changed":false,"footnotes":""},"categories":[2],"tags":[],"class_list":["post-118","post","type-post","status-publish","format-standard","hentry","category-traditioner"],"acf":[],"yoast_head":"<!-- This site is optimized with the Yoast SEO plugin v27.4 - https:\/\/yoast.com\/product\/yoast-seo-wordpress\/ -->\n<title>P\u00e5skafton - P\u00e5sk<\/title>\n<meta name=\"robots\" content=\"index, follow, max-snippet:-1, max-image-preview:large, max-video-preview:-1\" \/>\n<link rel=\"canonical\" href=\"https:\/\/svenskahogtider.se\/pask\/traditioner\/paskafton\/\" \/>\n<meta property=\"og:locale\" content=\"sv_SE\" \/>\n<meta property=\"og:type\" content=\"article\" \/>\n<meta property=\"og:title\" content=\"P\u00e5skafton - P\u00e5sk\" \/>\n<meta property=\"og:description\" content=\"H\u00f6jdpunkten av fest, mat och gemenskap Om sk\u00e4rtorsdagen handlar om mystik och l\u00e5ngfredagen om stillhet, s\u00e5 \u00e4r&nbsp;p\u00e5skafton&nbsp;den dag d\u00e5 proppen g\u00e5r ur. I Sverige \u00e4r detta p\u00e5skhelgens stora final och den dag d\u00e5 vi samlar n\u00e4ra och k\u00e4ra f\u00f6r att fira livets och v\u00e5rens \u00e5terkomst. Trots att p\u00e5skdagen egentligen \u00e4r den religi\u00f6sa h\u00f6gtidsdagen, har vi [&hellip;]\" \/>\n<meta property=\"og:url\" content=\"https:\/\/svenskahogtider.se\/pask\/traditioner\/paskafton\/\" \/>\n<meta property=\"og:site_name\" content=\"P\u00e5sk\" \/>\n<meta property=\"article:published_time\" content=\"2026-02-07T16:20:27+00:00\" \/>\n<meta name=\"author\" content=\"nicklas@16000.se\" \/>\n<meta name=\"twitter:card\" content=\"summary_large_image\" \/>\n<meta name=\"twitter:label1\" content=\"Skriven av\" \/>\n\t<meta name=\"twitter:data1\" content=\"nicklas@16000.se\" \/>\n\t<meta name=\"twitter:label2\" content=\"Ber\u00e4knad l\u00e4stid\" \/>\n\t<meta name=\"twitter:data2\" content=\"2 minuter\" \/>\n<script type=\"application\/ld+json\" class=\"yoast-schema-graph\">{\"@context\":\"https:\\\/\\\/schema.org\",\"@graph\":[{\"@type\":\"Article\",\"@id\":\"https:\\\/\\\/svenskahogtider.se\\\/pask\\\/traditioner\\\/paskafton\\\/#article\",\"isPartOf\":{\"@id\":\"https:\\\/\\\/svenskahogtider.se\\\/pask\\\/traditioner\\\/paskafton\\\/\"},\"author\":{\"name\":\"nicklas@16000.se\",\"@id\":\"https:\\\/\\\/svenskahogtider.se\\\/pask\\\/#\\\/schema\\\/person\\\/e70b2abc5cbaaa0e031e31843a1ae26b\"},\"headline\":\"P\u00e5skafton\",\"datePublished\":\"2026-02-07T16:20:27+00:00\",\"mainEntityOfPage\":{\"@id\":\"https:\\\/\\\/svenskahogtider.se\\\/pask\\\/traditioner\\\/paskafton\\\/\"},\"wordCount\":428,\"commentCount\":0,\"articleSection\":[\"Traditioner\"],\"inLanguage\":\"sv-SE\",\"potentialAction\":[{\"@type\":\"CommentAction\",\"name\":\"Comment\",\"target\":[\"https:\\\/\\\/svenskahogtider.se\\\/pask\\\/traditioner\\\/paskafton\\\/#respond\"]}]},{\"@type\":\"WebPage\",\"@id\":\"https:\\\/\\\/svenskahogtider.se\\\/pask\\\/traditioner\\\/paskafton\\\/\",\"url\":\"https:\\\/\\\/svenskahogtider.se\\\/pask\\\/traditioner\\\/paskafton\\\/\",\"name\":\"P\u00e5skafton - P\u00e5sk\",\"isPartOf\":{\"@id\":\"https:\\\/\\\/svenskahogtider.se\\\/pask\\\/#website\"},\"datePublished\":\"2026-02-07T16:20:27+00:00\",\"author\":{\"@id\":\"https:\\\/\\\/svenskahogtider.se\\\/pask\\\/#\\\/schema\\\/person\\\/e70b2abc5cbaaa0e031e31843a1ae26b\"},\"breadcrumb\":{\"@id\":\"https:\\\/\\\/svenskahogtider.se\\\/pask\\\/traditioner\\\/paskafton\\\/#breadcrumb\"},\"inLanguage\":\"sv-SE\",\"potentialAction\":[{\"@type\":\"ReadAction\",\"target\":[\"https:\\\/\\\/svenskahogtider.se\\\/pask\\\/traditioner\\\/paskafton\\\/\"]}]},{\"@type\":\"BreadcrumbList\",\"@id\":\"https:\\\/\\\/svenskahogtider.se\\\/pask\\\/traditioner\\\/paskafton\\\/#breadcrumb\",\"itemListElement\":[{\"@type\":\"ListItem\",\"position\":1,\"name\":\"Hem\",\"item\":\"https:\\\/\\\/svenskahogtider.se\\\/pask\\\/\"},{\"@type\":\"ListItem\",\"position\":2,\"name\":\"P\u00e5skafton\"}]},{\"@type\":\"WebSite\",\"@id\":\"https:\\\/\\\/svenskahogtider.se\\\/pask\\\/#website\",\"url\":\"https:\\\/\\\/svenskahogtider.se\\\/pask\\\/\",\"name\":\"P\u00e5sk\",\"description\":\"\",\"potentialAction\":[{\"@type\":\"SearchAction\",\"target\":{\"@type\":\"EntryPoint\",\"urlTemplate\":\"https:\\\/\\\/svenskahogtider.se\\\/pask\\\/?s={search_term_string}\"},\"query-input\":{\"@type\":\"PropertyValueSpecification\",\"valueRequired\":true,\"valueName\":\"search_term_string\"}}],\"inLanguage\":\"sv-SE\"},{\"@type\":\"Person\",\"@id\":\"https:\\\/\\\/svenskahogtider.se\\\/pask\\\/#\\\/schema\\\/person\\\/e70b2abc5cbaaa0e031e31843a1ae26b\",\"name\":\"nicklas@16000.se\",\"image\":{\"@type\":\"ImageObject\",\"inLanguage\":\"sv-SE\",\"@id\":\"https:\\\/\\\/secure.gravatar.com\\\/avatar\\\/1d699a22ddc86727c93b8be49a2bf811457b4a1947543d7023ad344be400fbcb?s=96&d=mm&r=g\",\"url\":\"https:\\\/\\\/secure.gravatar.com\\\/avatar\\\/1d699a22ddc86727c93b8be49a2bf811457b4a1947543d7023ad344be400fbcb?s=96&d=mm&r=g\",\"contentUrl\":\"https:\\\/\\\/secure.gravatar.com\\\/avatar\\\/1d699a22ddc86727c93b8be49a2bf811457b4a1947543d7023ad344be400fbcb?s=96&d=mm&r=g\",\"caption\":\"nicklas@16000.se\"},\"sameAs\":[\"https:\\\/\\\/svenskahogtider.se\"],\"url\":\"https:\\\/\\\/svenskahogtider.se\\\/pask\\\/author\\\/nicklas16000-se\\\/\"}]}<\/script>\n<!-- \/ Yoast SEO plugin. -->","yoast_head_json":{"title":"P\u00e5skafton - P\u00e5sk","robots":{"index":"index","follow":"follow","max-snippet":"max-snippet:-1","max-image-preview":"max-image-preview:large","max-video-preview":"max-video-preview:-1"},"canonical":"https:\/\/svenskahogtider.se\/pask\/traditioner\/paskafton\/","og_locale":"sv_SE","og_type":"article","og_title":"P\u00e5skafton - P\u00e5sk","og_description":"H\u00f6jdpunkten av fest, mat och gemenskap Om sk\u00e4rtorsdagen handlar om mystik och l\u00e5ngfredagen om stillhet, s\u00e5 \u00e4r&nbsp;p\u00e5skafton&nbsp;den dag d\u00e5 proppen g\u00e5r ur. I Sverige \u00e4r detta p\u00e5skhelgens stora final och den dag d\u00e5 vi samlar n\u00e4ra och k\u00e4ra f\u00f6r att fira livets och v\u00e5rens \u00e5terkomst. Trots att p\u00e5skdagen egentligen \u00e4r den religi\u00f6sa h\u00f6gtidsdagen, har vi [&hellip;]","og_url":"https:\/\/svenskahogtider.se\/pask\/traditioner\/paskafton\/","og_site_name":"P\u00e5sk","article_published_time":"2026-02-07T16:20:27+00:00","author":"nicklas@16000.se","twitter_card":"summary_large_image","twitter_misc":{"Skriven av":"nicklas@16000.se","Ber\u00e4knad l\u00e4stid":"2 minuter"},"schema":{"@context":"https:\/\/schema.org","@graph":[{"@type":"Article","@id":"https:\/\/svenskahogtider.se\/pask\/traditioner\/paskafton\/#article","isPartOf":{"@id":"https:\/\/svenskahogtider.se\/pask\/traditioner\/paskafton\/"},"author":{"name":"nicklas@16000.se","@id":"https:\/\/svenskahogtider.se\/pask\/#\/schema\/person\/e70b2abc5cbaaa0e031e31843a1ae26b"},"headline":"P\u00e5skafton","datePublished":"2026-02-07T16:20:27+00:00","mainEntityOfPage":{"@id":"https:\/\/svenskahogtider.se\/pask\/traditioner\/paskafton\/"},"wordCount":428,"commentCount":0,"articleSection":["Traditioner"],"inLanguage":"sv-SE","potentialAction":[{"@type":"CommentAction","name":"Comment","target":["https:\/\/svenskahogtider.se\/pask\/traditioner\/paskafton\/#respond"]}]},{"@type":"WebPage","@id":"https:\/\/svenskahogtider.se\/pask\/traditioner\/paskafton\/","url":"https:\/\/svenskahogtider.se\/pask\/traditioner\/paskafton\/","name":"P\u00e5skafton - P\u00e5sk","isPartOf":{"@id":"https:\/\/svenskahogtider.se\/pask\/#website"},"datePublished":"2026-02-07T16:20:27+00:00","author":{"@id":"https:\/\/svenskahogtider.se\/pask\/#\/schema\/person\/e70b2abc5cbaaa0e031e31843a1ae26b"},"breadcrumb":{"@id":"https:\/\/svenskahogtider.se\/pask\/traditioner\/paskafton\/#breadcrumb"},"inLanguage":"sv-SE","potentialAction":[{"@type":"ReadAction","target":["https:\/\/svenskahogtider.se\/pask\/traditioner\/paskafton\/"]}]},{"@type":"BreadcrumbList","@id":"https:\/\/svenskahogtider.se\/pask\/traditioner\/paskafton\/#breadcrumb","itemListElement":[{"@type":"ListItem","position":1,"name":"Hem","item":"https:\/\/svenskahogtider.se\/pask\/"},{"@type":"ListItem","position":2,"name":"P\u00e5skafton"}]},{"@type":"WebSite","@id":"https:\/\/svenskahogtider.se\/pask\/#website","url":"https:\/\/svenskahogtider.se\/pask\/","name":"P\u00e5sk","description":"","potentialAction":[{"@type":"SearchAction","target":{"@type":"EntryPoint","urlTemplate":"https:\/\/svenskahogtider.se\/pask\/?s={search_term_string}"},"query-input":{"@type":"PropertyValueSpecification","valueRequired":true,"valueName":"search_term_string"}}],"inLanguage":"sv-SE"},{"@type":"Person","@id":"https:\/\/svenskahogtider.se\/pask\/#\/schema\/person\/e70b2abc5cbaaa0e031e31843a1ae26b","name":"nicklas@16000.se","image":{"@type":"ImageObject","inLanguage":"sv-SE","@id":"https:\/\/secure.gravatar.com\/avatar\/1d699a22ddc86727c93b8be49a2bf811457b4a1947543d7023ad344be400fbcb?s=96&d=mm&r=g","url":"https:\/\/secure.gravatar.com\/avatar\/1d699a22ddc86727c93b8be49a2bf811457b4a1947543d7023ad344be400fbcb?s=96&d=mm&r=g","contentUrl":"https:\/\/secure.gravatar.com\/avatar\/1d699a22ddc86727c93b8be49a2bf811457b4a1947543d7023ad344be400fbcb?s=96&d=mm&r=g","caption":"nicklas@16000.se"},"sameAs":["https:\/\/svenskahogtider.se"],"url":"https:\/\/svenskahogtider.se\/pask\/author\/nicklas16000-se\/"}]}},"_links":{"self":[{"href":"https:\/\/svenskahogtider.se\/pask\/wp-json\/wp\/v2\/posts\/118","targetHints":{"allow":["GET"]}}],"collection":[{"href":"https:\/\/svenskahogtider.se\/pask\/wp-json\/wp\/v2\/posts"}],"about":[{"href":"https:\/\/svenskahogtider.se\/pask\/wp-json\/wp\/v2\/types\/post"}],"author":[{"embeddable":true,"href":"https:\/\/svenskahogtider.se\/pask\/wp-json\/wp\/v2\/users\/1"}],"replies":[{"embeddable":true,"href":"https:\/\/svenskahogtider.se\/pask\/wp-json\/wp\/v2\/comments?post=118"}],"version-history":[{"count":1,"href":"https:\/\/svenskahogtider.se\/pask\/wp-json\/wp\/v2\/posts\/118\/revisions"}],"predecessor-version":[{"id":119,"href":"https:\/\/svenskahogtider.se\/pask\/wp-json\/wp\/v2\/posts\/118\/revisions\/119"}],"wp:attachment":[{"href":"https:\/\/svenskahogtider.se\/pask\/wp-json\/wp\/v2\/media?parent=118"}],"wp:term":[{"taxonomy":"category","embeddable":true,"href":"https:\/\/svenskahogtider.se\/pask\/wp-json\/wp\/v2\/categories?post=118"},{"taxonomy":"post_tag","embeddable":true,"href":"https:\/\/svenskahogtider.se\/pask\/wp-json\/wp\/v2\/tags?post=118"}],"curies":[{"name":"wp","href":"https:\/\/api.w.org\/{rel}","templated":true}]}}