{"id":116,"date":"2026-02-07T17:19:22","date_gmt":"2026-02-07T16:19:22","guid":{"rendered":"https:\/\/svenskahogtider.se\/pask\/?p=116"},"modified":"2026-03-07T13:02:11","modified_gmt":"2026-03-07T12:02:11","slug":"langfredag","status":"publish","type":"post","link":"https:\/\/svenskahogtider.se\/pask\/traditioner\/langfredag\/","title":{"rendered":"L\u00e5ngfredag"},"content":{"rendered":"\n<h2 class=\"wp-block-heading\">Fr\u00e5n djupaste allvar till en dag f\u00f6r vila<\/h2>\n\n\n\n<p>L\u00e5ngfredagen b\u00e4r sitt namn med r\u00e4tta. I det gamla Sverige upplevdes dagen som ovanligt l\u00e5ng, men inte p\u00e5 grund av brist p\u00e5 syssels\u00e4ttning. Snarare p\u00e5 grund av den strikta stillhet och sorg som pr\u00e4glade varje aspekt av livet. Det \u00e4r dagen d\u00e5 kristenheten minns Jesu korsf\u00e4stelse och d\u00f6d p\u00e5 Golgata, och fram till bara f\u00f6r n\u00e5gra decennier sedan var detta en dag d\u00e5 Sverige i princip stannade helt.<\/p>\n\n\n\n<h3 class=\"wp-block-heading\">N\u00e4r Sverige stod stilla<\/h3>\n\n\n\n<p>F\u00f6r bara femtio \u00e5r sedan var l\u00e5ngfredagen en dag omg\u00e4rdad av h\u00e5rda restriktioner. Aff\u00e4rer, restauranger och biografer h\u00f6lls obligatoriskt st\u00e4ngda. Radio och TV s\u00e4nde endast sorglig musik och allvarsamma program. Barnen fick inte leka h\u00f6gljutt, och allt on\u00f6digt arbete vilade. Man skulle \u00e4ta enkel mat \u2013 ofta salt fisk som sill eller lax \u2013 och kl\u00e4 sig i m\u00f6rka kl\u00e4der f\u00f6r att hedra minnet av lidandet.<\/p>\n\n\n\n<p>Det var inte ovanligt att dagen k\u00e4ndes o\u00e4ndlig f\u00f6r barnen, d\u00e5 lekar och n\u00f6jen betraktades som opassande. Detta kollektiva s\u00f6rjande var ett s\u00e4tt att visa respekt f\u00f6r den religi\u00f6sa inneb\u00f6rden, men det skapade ocks\u00e5 en unik atmosf\u00e4r av eftertanke som idag n\u00e4stan helt har f\u00f6rsvunnit fr\u00e5n v\u00e5rt moderna, uppkopplade samh\u00e4lle.<\/p>\n\n\n\n<h3 class=\"wp-block-heading\">Traditionen med &#8221;risning&#8221;<\/h3>\n\n\n\n<p>En av de mer m\u00e4rkliga traditionerna kopplade till l\u00e5ngfredagen var den tidigare n\u00e4mnda risningen. F\u00f6rr i tiden var det sed att husfadern piskade familjemedlemmarna med bj\u00f6rkris tidigt p\u00e5 morgonen. Det gjordes som en rituell p\u00e5minnelse om Jesu lidande. Lyckligtvis f\u00f6rvandlades detta med tiden till det dekorativa <a href=\"https:\/\/svenskahogtider.se\/pask\/traditioner\/paskris\/\" type=\"post\" id=\"12\">p\u00e5skriset<\/a> med fj\u00e4drar som vi ser idag, men historien p\u00e5minner oss om hur starkt kopplat riset var till just denna dags allvar.<\/p>\n\n\n\n<h3 class=\"wp-block-heading\">L\u00e5ngfredagen idag<\/h3>\n\n\n\n<p>Idag har de lagstadgade f\u00f6rbuden f\u00f6rsvunnit och l\u00e5ngfredagen har f\u00f6r de flesta blivit en v\u00e4lkommen ledig dag. Den \u00e4r en del av den l\u00e5nga p\u00e5skhelgen och den f\u00f6rsta <a href=\"https:\/\/svenskahogtider.se\/blog\/rodadagar2026\/\">r\u00f6da dagen<\/a> under p\u00e5sken. M\u00e5nga butiker h\u00e5ller \u00f6ppet och vi anv\u00e4nder dagen till att fixa i tr\u00e4dg\u00e5rden, resa bort eller f\u00f6rbereda l\u00f6rdagens stora p\u00e5skfest. Inom kyrkan \u00e4r det dock fortfarande en av de viktigaste dagarna, d\u00e4r gudstj\u00e4nsterna pr\u00e4glas av nakenhet \u2013 altaret kl\u00e4ds av och pryds endast med fem r\u00f6da rosor som symboliserar Jesu fem s\u00e5r.<\/p>\n\n\n\n<p>Trots att det offentliga livet har \u00e5terg\u00e5tt till det normala, finns en bit av l\u00e5ngfredagens lugn kvar i den svenska folksj\u00e4len \u2013 som en stilla stund innan p\u00e5skaftonens stora firande tar vid.<\/p>\n","protected":false},"excerpt":{"rendered":"<p>Fr\u00e5n djupaste allvar till en dag f\u00f6r vila L\u00e5ngfredagen b\u00e4r sitt namn med r\u00e4tta. I det gamla Sverige upplevdes dagen som ovanligt l\u00e5ng, men inte p\u00e5 grund av brist p\u00e5 syssels\u00e4ttning. Snarare p\u00e5 grund av den strikta stillhet och sorg som pr\u00e4glade varje aspekt av livet. Det \u00e4r dagen d\u00e5 kristenheten minns Jesu korsf\u00e4stelse och [&hellip;]<\/p>\n","protected":false},"author":1,"featured_media":140,"comment_status":"open","ping_status":"open","sticky":false,"template":"","format":"standard","meta":{"_acf_changed":false,"footnotes":""},"categories":[2],"tags":[],"class_list":["post-116","post","type-post","status-publish","format-standard","has-post-thumbnail","hentry","category-traditioner"],"acf":[],"yoast_head":"<!-- This site is optimized with the Yoast SEO plugin v27.4 - https:\/\/yoast.com\/product\/yoast-seo-wordpress\/ -->\n<title>L\u00e5ngfredag - P\u00e5sk<\/title>\n<meta name=\"robots\" content=\"index, follow, max-snippet:-1, max-image-preview:large, max-video-preview:-1\" \/>\n<link rel=\"canonical\" href=\"https:\/\/svenskahogtider.se\/pask\/traditioner\/langfredag\/\" \/>\n<meta property=\"og:locale\" content=\"sv_SE\" \/>\n<meta property=\"og:type\" content=\"article\" \/>\n<meta property=\"og:title\" content=\"L\u00e5ngfredag - P\u00e5sk\" \/>\n<meta property=\"og:description\" content=\"Fr\u00e5n djupaste allvar till en dag f\u00f6r vila L\u00e5ngfredagen b\u00e4r sitt namn med r\u00e4tta. I det gamla Sverige upplevdes dagen som ovanligt l\u00e5ng, men inte p\u00e5 grund av brist p\u00e5 syssels\u00e4ttning. Snarare p\u00e5 grund av den strikta stillhet och sorg som pr\u00e4glade varje aspekt av livet. Det \u00e4r dagen d\u00e5 kristenheten minns Jesu korsf\u00e4stelse och [&hellip;]\" \/>\n<meta property=\"og:url\" content=\"https:\/\/svenskahogtider.se\/pask\/traditioner\/langfredag\/\" \/>\n<meta property=\"og:site_name\" content=\"P\u00e5sk\" \/>\n<meta property=\"article:published_time\" content=\"2026-02-07T16:19:22+00:00\" \/>\n<meta property=\"article:modified_time\" content=\"2026-03-07T12:02:11+00:00\" \/>\n<meta property=\"og:image\" content=\"https:\/\/svenskahogtider.se\/pask\/wp-content\/uploads\/sites\/2\/2026\/02\/langfredag-korsfastning.jpg\" \/>\n\t<meta property=\"og:image:width\" content=\"1920\" \/>\n\t<meta property=\"og:image:height\" content=\"1080\" \/>\n\t<meta property=\"og:image:type\" content=\"image\/jpeg\" \/>\n<meta name=\"author\" content=\"nicklas@16000.se\" \/>\n<meta name=\"twitter:card\" content=\"summary_large_image\" \/>\n<meta name=\"twitter:label1\" content=\"Skriven av\" \/>\n\t<meta name=\"twitter:data1\" content=\"nicklas@16000.se\" \/>\n\t<meta name=\"twitter:label2\" content=\"Ber\u00e4knad l\u00e4stid\" \/>\n\t<meta name=\"twitter:data2\" content=\"3 minuter\" \/>\n<script type=\"application\/ld+json\" class=\"yoast-schema-graph\">{\"@context\":\"https:\\\/\\\/schema.org\",\"@graph\":[{\"@type\":\"Article\",\"@id\":\"https:\\\/\\\/svenskahogtider.se\\\/pask\\\/traditioner\\\/langfredag\\\/#article\",\"isPartOf\":{\"@id\":\"https:\\\/\\\/svenskahogtider.se\\\/pask\\\/traditioner\\\/langfredag\\\/\"},\"author\":{\"name\":\"nicklas@16000.se\",\"@id\":\"https:\\\/\\\/svenskahogtider.se\\\/pask\\\/#\\\/schema\\\/person\\\/e70b2abc5cbaaa0e031e31843a1ae26b\"},\"headline\":\"L\u00e5ngfredag\",\"datePublished\":\"2026-02-07T16:19:22+00:00\",\"dateModified\":\"2026-03-07T12:02:11+00:00\",\"mainEntityOfPage\":{\"@id\":\"https:\\\/\\\/svenskahogtider.se\\\/pask\\\/traditioner\\\/langfredag\\\/\"},\"wordCount\":463,\"commentCount\":0,\"image\":{\"@id\":\"https:\\\/\\\/svenskahogtider.se\\\/pask\\\/traditioner\\\/langfredag\\\/#primaryimage\"},\"thumbnailUrl\":\"https:\\\/\\\/svenskahogtider.se\\\/pask\\\/wp-content\\\/uploads\\\/sites\\\/2\\\/2026\\\/02\\\/langfredag-korsfastning.jpg\",\"articleSection\":[\"Traditioner\"],\"inLanguage\":\"sv-SE\",\"potentialAction\":[{\"@type\":\"CommentAction\",\"name\":\"Comment\",\"target\":[\"https:\\\/\\\/svenskahogtider.se\\\/pask\\\/traditioner\\\/langfredag\\\/#respond\"]}]},{\"@type\":\"WebPage\",\"@id\":\"https:\\\/\\\/svenskahogtider.se\\\/pask\\\/traditioner\\\/langfredag\\\/\",\"url\":\"https:\\\/\\\/svenskahogtider.se\\\/pask\\\/traditioner\\\/langfredag\\\/\",\"name\":\"L\u00e5ngfredag - P\u00e5sk\",\"isPartOf\":{\"@id\":\"https:\\\/\\\/svenskahogtider.se\\\/pask\\\/#website\"},\"primaryImageOfPage\":{\"@id\":\"https:\\\/\\\/svenskahogtider.se\\\/pask\\\/traditioner\\\/langfredag\\\/#primaryimage\"},\"image\":{\"@id\":\"https:\\\/\\\/svenskahogtider.se\\\/pask\\\/traditioner\\\/langfredag\\\/#primaryimage\"},\"thumbnailUrl\":\"https:\\\/\\\/svenskahogtider.se\\\/pask\\\/wp-content\\\/uploads\\\/sites\\\/2\\\/2026\\\/02\\\/langfredag-korsfastning.jpg\",\"datePublished\":\"2026-02-07T16:19:22+00:00\",\"dateModified\":\"2026-03-07T12:02:11+00:00\",\"author\":{\"@id\":\"https:\\\/\\\/svenskahogtider.se\\\/pask\\\/#\\\/schema\\\/person\\\/e70b2abc5cbaaa0e031e31843a1ae26b\"},\"breadcrumb\":{\"@id\":\"https:\\\/\\\/svenskahogtider.se\\\/pask\\\/traditioner\\\/langfredag\\\/#breadcrumb\"},\"inLanguage\":\"sv-SE\",\"potentialAction\":[{\"@type\":\"ReadAction\",\"target\":[\"https:\\\/\\\/svenskahogtider.se\\\/pask\\\/traditioner\\\/langfredag\\\/\"]}]},{\"@type\":\"ImageObject\",\"inLanguage\":\"sv-SE\",\"@id\":\"https:\\\/\\\/svenskahogtider.se\\\/pask\\\/traditioner\\\/langfredag\\\/#primaryimage\",\"url\":\"https:\\\/\\\/svenskahogtider.se\\\/pask\\\/wp-content\\\/uploads\\\/sites\\\/2\\\/2026\\\/02\\\/langfredag-korsfastning.jpg\",\"contentUrl\":\"https:\\\/\\\/svenskahogtider.se\\\/pask\\\/wp-content\\\/uploads\\\/sites\\\/2\\\/2026\\\/02\\\/langfredag-korsfastning.jpg\",\"width\":1920,\"height\":1080,\"caption\":\"kors som symboliserar l\u00e5ngfredagen\"},{\"@type\":\"BreadcrumbList\",\"@id\":\"https:\\\/\\\/svenskahogtider.se\\\/pask\\\/traditioner\\\/langfredag\\\/#breadcrumb\",\"itemListElement\":[{\"@type\":\"ListItem\",\"position\":1,\"name\":\"Hem\",\"item\":\"https:\\\/\\\/svenskahogtider.se\\\/pask\\\/\"},{\"@type\":\"ListItem\",\"position\":2,\"name\":\"L\u00e5ngfredag\"}]},{\"@type\":\"WebSite\",\"@id\":\"https:\\\/\\\/svenskahogtider.se\\\/pask\\\/#website\",\"url\":\"https:\\\/\\\/svenskahogtider.se\\\/pask\\\/\",\"name\":\"P\u00e5sk\",\"description\":\"\",\"potentialAction\":[{\"@type\":\"SearchAction\",\"target\":{\"@type\":\"EntryPoint\",\"urlTemplate\":\"https:\\\/\\\/svenskahogtider.se\\\/pask\\\/?s={search_term_string}\"},\"query-input\":{\"@type\":\"PropertyValueSpecification\",\"valueRequired\":true,\"valueName\":\"search_term_string\"}}],\"inLanguage\":\"sv-SE\"},{\"@type\":\"Person\",\"@id\":\"https:\\\/\\\/svenskahogtider.se\\\/pask\\\/#\\\/schema\\\/person\\\/e70b2abc5cbaaa0e031e31843a1ae26b\",\"name\":\"nicklas@16000.se\",\"image\":{\"@type\":\"ImageObject\",\"inLanguage\":\"sv-SE\",\"@id\":\"https:\\\/\\\/secure.gravatar.com\\\/avatar\\\/1d699a22ddc86727c93b8be49a2bf811457b4a1947543d7023ad344be400fbcb?s=96&d=mm&r=g\",\"url\":\"https:\\\/\\\/secure.gravatar.com\\\/avatar\\\/1d699a22ddc86727c93b8be49a2bf811457b4a1947543d7023ad344be400fbcb?s=96&d=mm&r=g\",\"contentUrl\":\"https:\\\/\\\/secure.gravatar.com\\\/avatar\\\/1d699a22ddc86727c93b8be49a2bf811457b4a1947543d7023ad344be400fbcb?s=96&d=mm&r=g\",\"caption\":\"nicklas@16000.se\"},\"sameAs\":[\"https:\\\/\\\/svenskahogtider.se\"],\"url\":\"https:\\\/\\\/svenskahogtider.se\\\/pask\\\/author\\\/nicklas16000-se\\\/\"}]}<\/script>\n<!-- \/ Yoast SEO plugin. -->","yoast_head_json":{"title":"L\u00e5ngfredag - P\u00e5sk","robots":{"index":"index","follow":"follow","max-snippet":"max-snippet:-1","max-image-preview":"max-image-preview:large","max-video-preview":"max-video-preview:-1"},"canonical":"https:\/\/svenskahogtider.se\/pask\/traditioner\/langfredag\/","og_locale":"sv_SE","og_type":"article","og_title":"L\u00e5ngfredag - P\u00e5sk","og_description":"Fr\u00e5n djupaste allvar till en dag f\u00f6r vila L\u00e5ngfredagen b\u00e4r sitt namn med r\u00e4tta. I det gamla Sverige upplevdes dagen som ovanligt l\u00e5ng, men inte p\u00e5 grund av brist p\u00e5 syssels\u00e4ttning. Snarare p\u00e5 grund av den strikta stillhet och sorg som pr\u00e4glade varje aspekt av livet. Det \u00e4r dagen d\u00e5 kristenheten minns Jesu korsf\u00e4stelse och [&hellip;]","og_url":"https:\/\/svenskahogtider.se\/pask\/traditioner\/langfredag\/","og_site_name":"P\u00e5sk","article_published_time":"2026-02-07T16:19:22+00:00","article_modified_time":"2026-03-07T12:02:11+00:00","og_image":[{"width":1920,"height":1080,"url":"https:\/\/svenskahogtider.se\/pask\/wp-content\/uploads\/sites\/2\/2026\/02\/langfredag-korsfastning.jpg","type":"image\/jpeg"}],"author":"nicklas@16000.se","twitter_card":"summary_large_image","twitter_misc":{"Skriven av":"nicklas@16000.se","Ber\u00e4knad l\u00e4stid":"3 minuter"},"schema":{"@context":"https:\/\/schema.org","@graph":[{"@type":"Article","@id":"https:\/\/svenskahogtider.se\/pask\/traditioner\/langfredag\/#article","isPartOf":{"@id":"https:\/\/svenskahogtider.se\/pask\/traditioner\/langfredag\/"},"author":{"name":"nicklas@16000.se","@id":"https:\/\/svenskahogtider.se\/pask\/#\/schema\/person\/e70b2abc5cbaaa0e031e31843a1ae26b"},"headline":"L\u00e5ngfredag","datePublished":"2026-02-07T16:19:22+00:00","dateModified":"2026-03-07T12:02:11+00:00","mainEntityOfPage":{"@id":"https:\/\/svenskahogtider.se\/pask\/traditioner\/langfredag\/"},"wordCount":463,"commentCount":0,"image":{"@id":"https:\/\/svenskahogtider.se\/pask\/traditioner\/langfredag\/#primaryimage"},"thumbnailUrl":"https:\/\/svenskahogtider.se\/pask\/wp-content\/uploads\/sites\/2\/2026\/02\/langfredag-korsfastning.jpg","articleSection":["Traditioner"],"inLanguage":"sv-SE","potentialAction":[{"@type":"CommentAction","name":"Comment","target":["https:\/\/svenskahogtider.se\/pask\/traditioner\/langfredag\/#respond"]}]},{"@type":"WebPage","@id":"https:\/\/svenskahogtider.se\/pask\/traditioner\/langfredag\/","url":"https:\/\/svenskahogtider.se\/pask\/traditioner\/langfredag\/","name":"L\u00e5ngfredag - P\u00e5sk","isPartOf":{"@id":"https:\/\/svenskahogtider.se\/pask\/#website"},"primaryImageOfPage":{"@id":"https:\/\/svenskahogtider.se\/pask\/traditioner\/langfredag\/#primaryimage"},"image":{"@id":"https:\/\/svenskahogtider.se\/pask\/traditioner\/langfredag\/#primaryimage"},"thumbnailUrl":"https:\/\/svenskahogtider.se\/pask\/wp-content\/uploads\/sites\/2\/2026\/02\/langfredag-korsfastning.jpg","datePublished":"2026-02-07T16:19:22+00:00","dateModified":"2026-03-07T12:02:11+00:00","author":{"@id":"https:\/\/svenskahogtider.se\/pask\/#\/schema\/person\/e70b2abc5cbaaa0e031e31843a1ae26b"},"breadcrumb":{"@id":"https:\/\/svenskahogtider.se\/pask\/traditioner\/langfredag\/#breadcrumb"},"inLanguage":"sv-SE","potentialAction":[{"@type":"ReadAction","target":["https:\/\/svenskahogtider.se\/pask\/traditioner\/langfredag\/"]}]},{"@type":"ImageObject","inLanguage":"sv-SE","@id":"https:\/\/svenskahogtider.se\/pask\/traditioner\/langfredag\/#primaryimage","url":"https:\/\/svenskahogtider.se\/pask\/wp-content\/uploads\/sites\/2\/2026\/02\/langfredag-korsfastning.jpg","contentUrl":"https:\/\/svenskahogtider.se\/pask\/wp-content\/uploads\/sites\/2\/2026\/02\/langfredag-korsfastning.jpg","width":1920,"height":1080,"caption":"kors som symboliserar l\u00e5ngfredagen"},{"@type":"BreadcrumbList","@id":"https:\/\/svenskahogtider.se\/pask\/traditioner\/langfredag\/#breadcrumb","itemListElement":[{"@type":"ListItem","position":1,"name":"Hem","item":"https:\/\/svenskahogtider.se\/pask\/"},{"@type":"ListItem","position":2,"name":"L\u00e5ngfredag"}]},{"@type":"WebSite","@id":"https:\/\/svenskahogtider.se\/pask\/#website","url":"https:\/\/svenskahogtider.se\/pask\/","name":"P\u00e5sk","description":"","potentialAction":[{"@type":"SearchAction","target":{"@type":"EntryPoint","urlTemplate":"https:\/\/svenskahogtider.se\/pask\/?s={search_term_string}"},"query-input":{"@type":"PropertyValueSpecification","valueRequired":true,"valueName":"search_term_string"}}],"inLanguage":"sv-SE"},{"@type":"Person","@id":"https:\/\/svenskahogtider.se\/pask\/#\/schema\/person\/e70b2abc5cbaaa0e031e31843a1ae26b","name":"nicklas@16000.se","image":{"@type":"ImageObject","inLanguage":"sv-SE","@id":"https:\/\/secure.gravatar.com\/avatar\/1d699a22ddc86727c93b8be49a2bf811457b4a1947543d7023ad344be400fbcb?s=96&d=mm&r=g","url":"https:\/\/secure.gravatar.com\/avatar\/1d699a22ddc86727c93b8be49a2bf811457b4a1947543d7023ad344be400fbcb?s=96&d=mm&r=g","contentUrl":"https:\/\/secure.gravatar.com\/avatar\/1d699a22ddc86727c93b8be49a2bf811457b4a1947543d7023ad344be400fbcb?s=96&d=mm&r=g","caption":"nicklas@16000.se"},"sameAs":["https:\/\/svenskahogtider.se"],"url":"https:\/\/svenskahogtider.se\/pask\/author\/nicklas16000-se\/"}]}},"_links":{"self":[{"href":"https:\/\/svenskahogtider.se\/pask\/wp-json\/wp\/v2\/posts\/116","targetHints":{"allow":["GET"]}}],"collection":[{"href":"https:\/\/svenskahogtider.se\/pask\/wp-json\/wp\/v2\/posts"}],"about":[{"href":"https:\/\/svenskahogtider.se\/pask\/wp-json\/wp\/v2\/types\/post"}],"author":[{"embeddable":true,"href":"https:\/\/svenskahogtider.se\/pask\/wp-json\/wp\/v2\/users\/1"}],"replies":[{"embeddable":true,"href":"https:\/\/svenskahogtider.se\/pask\/wp-json\/wp\/v2\/comments?post=116"}],"version-history":[{"count":3,"href":"https:\/\/svenskahogtider.se\/pask\/wp-json\/wp\/v2\/posts\/116\/revisions"}],"predecessor-version":[{"id":142,"href":"https:\/\/svenskahogtider.se\/pask\/wp-json\/wp\/v2\/posts\/116\/revisions\/142"}],"wp:featuredmedia":[{"embeddable":true,"href":"https:\/\/svenskahogtider.se\/pask\/wp-json\/wp\/v2\/media\/140"}],"wp:attachment":[{"href":"https:\/\/svenskahogtider.se\/pask\/wp-json\/wp\/v2\/media?parent=116"}],"wp:term":[{"taxonomy":"category","embeddable":true,"href":"https:\/\/svenskahogtider.se\/pask\/wp-json\/wp\/v2\/categories?post=116"},{"taxonomy":"post_tag","embeddable":true,"href":"https:\/\/svenskahogtider.se\/pask\/wp-json\/wp\/v2\/tags?post=116"}],"curies":[{"name":"wp","href":"https:\/\/api.w.org\/{rel}","templated":true}]}}