{"id":114,"date":"2026-02-07T17:18:15","date_gmt":"2026-02-07T16:18:15","guid":{"rendered":"https:\/\/svenskahogtider.se\/pask\/?p=114"},"modified":"2026-02-07T17:18:41","modified_gmt":"2026-02-07T16:18:41","slug":"skartorsdag","status":"publish","type":"post","link":"https:\/\/svenskahogtider.se\/pask\/traditioner\/skartorsdag\/","title":{"rendered":"Sk\u00e4rtorsdag"},"content":{"rendered":"\n<h2 class=\"wp-block-heading\">Mellan bibliskt allvar och folktrons h\u00e4xor<\/h2>\n\n\n\n<p>Sk\u00e4rtorsdagen \u00e4r en av p\u00e5skens mest m\u00e5ngfacetterade dagar. Det \u00e4r en dag som rymmer b\u00e5de det djupaste religi\u00f6sa allvaret och en av v\u00e5ra mest lekfulla folkliga traditioner. Namnet \u201dsk\u00e4r\u201d kommer fr\u00e5n det fornsvenska ordet f\u00f6r ren eller renande, vilket syftar p\u00e5 att Jesus enligt bibeln tv\u00e4ttade l\u00e4rjungarnas f\u00f6tter f\u00f6re deras sista m\u00e5ltid tillsammans.<\/p>\n\n\n\n<h3 class=\"wp-block-heading\">Det religi\u00f6sa ursprunget<\/h3>\n\n\n\n<p>Inom kristendomen markerar sk\u00e4rtorsdagen instiftandet av nattvarden. Det var denna kv\u00e4ll som Jesus samlade sina l\u00e4rjungar f\u00f6r att \u00e4ta den sista m\u00e5ltiden. Det var ocks\u00e5 natten d\u00e5 han blev f\u00f6rr\u00e5dd av Judas i Getsemane tr\u00e4dg\u00e5rd. I \u00e4ldre tider var detta en dag f\u00f6r rening och bikt; man skulle vara &#8221;sk\u00e4r&#8221; (ren) inf\u00f6r den stundande p\u00e5skh\u00f6gtiden. Kyrkklockorna tystnade ofta efter sk\u00e4rtorsdagens m\u00e4ssa och ringde inte igen f\u00f6rr\u00e4n p\u00e5 p\u00e5skdagen, f\u00f6r att markera den sorg som f\u00f6ljde p\u00e5 l\u00e5ngfredagen.<\/p>\n\n\n\n<h3 class=\"wp-block-heading\">H\u00e4xor och Bl\u00e5kulla<\/h3>\n\n\n\n<p>Parallellt med den kristna traditionen v\u00e4xte en m\u00f6rkare folktro fram i Sverige. Man trodde att sk\u00e4rtorsdagen var den dag d\u00e5 h\u00e4xorna var som mest aktiva. De sades sm\u00f6rja sina kvastar med magisk salva och flyga till Bl\u00e5kulla f\u00f6r att festa med dj\u00e4vulen. F\u00f6r att skydda sig mot h\u00e4xorna st\u00e4ngde man spj\u00e4ll, g\u00f6mde undan kvastar och eldade stora p\u00e5skbrasa f\u00f6r att skr\u00e4mma bort de flygande v\u00e4sendena. Man kunde \u00e4ven skjuta med b\u00f6ssor i luften \u2013 en tradition som idag lever vidare i form av sm\u00e4llare och p\u00e5skfyrverkerier.<\/p>\n\n\n\n<h3 class=\"wp-block-heading\">Dagens firande: P\u00e5skk\u00e4rringar<\/h3>\n\n\n\n<p>Idag har den skr\u00e4mmande folktron f\u00f6rvandlats till en av barnens absoluta favorittraditioner. Ist\u00e4llet f\u00f6r farliga h\u00e4xor ser vi sm\u00e5 &#8221;p\u00e5skk\u00e4rringar&#8221; med sjaletter, m\u00e5lade fr\u00e4knar och kaffepannor som g\u00e5r fr\u00e5n d\u00f6rr till d\u00f6rr i grannskapet. De delar ut handm\u00e5lade p\u00e5skkort och hoppas i utbyte f\u00e5 lite godis i sina korgar. Sk\u00e4rtorsdagen har d\u00e4rmed blivit startskottet f\u00f6r p\u00e5skfirandet, en dag fylld av f\u00f6rv\u00e4ntan, f\u00e4rg och gemenskap som binder samman v\u00e5r historia med dagens moderna firande.<\/p>\n","protected":false},"excerpt":{"rendered":"<p>Mellan bibliskt allvar och folktrons h\u00e4xor Sk\u00e4rtorsdagen \u00e4r en av p\u00e5skens mest m\u00e5ngfacetterade dagar. Det \u00e4r en dag som rymmer b\u00e5de det djupaste religi\u00f6sa allvaret och en av v\u00e5ra mest lekfulla folkliga traditioner. Namnet \u201dsk\u00e4r\u201d kommer fr\u00e5n det fornsvenska ordet f\u00f6r ren eller renande, vilket syftar p\u00e5 att Jesus enligt bibeln tv\u00e4ttade l\u00e4rjungarnas f\u00f6tter f\u00f6re [&hellip;]<\/p>\n","protected":false},"author":1,"featured_media":0,"comment_status":"open","ping_status":"open","sticky":false,"template":"","format":"standard","meta":{"_acf_changed":false,"footnotes":""},"categories":[2],"tags":[],"class_list":["post-114","post","type-post","status-publish","format-standard","hentry","category-traditioner"],"acf":[],"yoast_head":"<!-- This site is optimized with the Yoast SEO plugin v27.4 - https:\/\/yoast.com\/product\/yoast-seo-wordpress\/ -->\n<title>Sk\u00e4rtorsdag - P\u00e5sk<\/title>\n<meta name=\"robots\" content=\"index, follow, max-snippet:-1, max-image-preview:large, max-video-preview:-1\" \/>\n<link rel=\"canonical\" href=\"https:\/\/svenskahogtider.se\/pask\/traditioner\/skartorsdag\/\" \/>\n<meta property=\"og:locale\" content=\"sv_SE\" \/>\n<meta property=\"og:type\" content=\"article\" \/>\n<meta property=\"og:title\" content=\"Sk\u00e4rtorsdag - P\u00e5sk\" \/>\n<meta property=\"og:description\" content=\"Mellan bibliskt allvar och folktrons h\u00e4xor Sk\u00e4rtorsdagen \u00e4r en av p\u00e5skens mest m\u00e5ngfacetterade dagar. Det \u00e4r en dag som rymmer b\u00e5de det djupaste religi\u00f6sa allvaret och en av v\u00e5ra mest lekfulla folkliga traditioner. Namnet \u201dsk\u00e4r\u201d kommer fr\u00e5n det fornsvenska ordet f\u00f6r ren eller renande, vilket syftar p\u00e5 att Jesus enligt bibeln tv\u00e4ttade l\u00e4rjungarnas f\u00f6tter f\u00f6re [&hellip;]\" \/>\n<meta property=\"og:url\" content=\"https:\/\/svenskahogtider.se\/pask\/traditioner\/skartorsdag\/\" \/>\n<meta property=\"og:site_name\" content=\"P\u00e5sk\" \/>\n<meta property=\"article:published_time\" content=\"2026-02-07T16:18:15+00:00\" \/>\n<meta property=\"article:modified_time\" content=\"2026-02-07T16:18:41+00:00\" \/>\n<meta name=\"author\" content=\"nicklas@16000.se\" \/>\n<meta name=\"twitter:card\" content=\"summary_large_image\" \/>\n<meta name=\"twitter:label1\" content=\"Skriven av\" \/>\n\t<meta name=\"twitter:data1\" content=\"nicklas@16000.se\" \/>\n\t<meta name=\"twitter:label2\" content=\"Ber\u00e4knad l\u00e4stid\" \/>\n\t<meta name=\"twitter:data2\" content=\"2 minuter\" \/>\n<script type=\"application\/ld+json\" class=\"yoast-schema-graph\">{\"@context\":\"https:\\\/\\\/schema.org\",\"@graph\":[{\"@type\":\"Article\",\"@id\":\"https:\\\/\\\/svenskahogtider.se\\\/pask\\\/traditioner\\\/skartorsdag\\\/#article\",\"isPartOf\":{\"@id\":\"https:\\\/\\\/svenskahogtider.se\\\/pask\\\/traditioner\\\/skartorsdag\\\/\"},\"author\":{\"name\":\"nicklas@16000.se\",\"@id\":\"https:\\\/\\\/svenskahogtider.se\\\/pask\\\/#\\\/schema\\\/person\\\/e70b2abc5cbaaa0e031e31843a1ae26b\"},\"headline\":\"Sk\u00e4rtorsdag\",\"datePublished\":\"2026-02-07T16:18:15+00:00\",\"dateModified\":\"2026-02-07T16:18:41+00:00\",\"mainEntityOfPage\":{\"@id\":\"https:\\\/\\\/svenskahogtider.se\\\/pask\\\/traditioner\\\/skartorsdag\\\/\"},\"wordCount\":390,\"commentCount\":0,\"articleSection\":[\"Traditioner\"],\"inLanguage\":\"sv-SE\",\"potentialAction\":[{\"@type\":\"CommentAction\",\"name\":\"Comment\",\"target\":[\"https:\\\/\\\/svenskahogtider.se\\\/pask\\\/traditioner\\\/skartorsdag\\\/#respond\"]}]},{\"@type\":\"WebPage\",\"@id\":\"https:\\\/\\\/svenskahogtider.se\\\/pask\\\/traditioner\\\/skartorsdag\\\/\",\"url\":\"https:\\\/\\\/svenskahogtider.se\\\/pask\\\/traditioner\\\/skartorsdag\\\/\",\"name\":\"Sk\u00e4rtorsdag - P\u00e5sk\",\"isPartOf\":{\"@id\":\"https:\\\/\\\/svenskahogtider.se\\\/pask\\\/#website\"},\"datePublished\":\"2026-02-07T16:18:15+00:00\",\"dateModified\":\"2026-02-07T16:18:41+00:00\",\"author\":{\"@id\":\"https:\\\/\\\/svenskahogtider.se\\\/pask\\\/#\\\/schema\\\/person\\\/e70b2abc5cbaaa0e031e31843a1ae26b\"},\"breadcrumb\":{\"@id\":\"https:\\\/\\\/svenskahogtider.se\\\/pask\\\/traditioner\\\/skartorsdag\\\/#breadcrumb\"},\"inLanguage\":\"sv-SE\",\"potentialAction\":[{\"@type\":\"ReadAction\",\"target\":[\"https:\\\/\\\/svenskahogtider.se\\\/pask\\\/traditioner\\\/skartorsdag\\\/\"]}]},{\"@type\":\"BreadcrumbList\",\"@id\":\"https:\\\/\\\/svenskahogtider.se\\\/pask\\\/traditioner\\\/skartorsdag\\\/#breadcrumb\",\"itemListElement\":[{\"@type\":\"ListItem\",\"position\":1,\"name\":\"Hem\",\"item\":\"https:\\\/\\\/svenskahogtider.se\\\/pask\\\/\"},{\"@type\":\"ListItem\",\"position\":2,\"name\":\"Sk\u00e4rtorsdag\"}]},{\"@type\":\"WebSite\",\"@id\":\"https:\\\/\\\/svenskahogtider.se\\\/pask\\\/#website\",\"url\":\"https:\\\/\\\/svenskahogtider.se\\\/pask\\\/\",\"name\":\"P\u00e5sk\",\"description\":\"\",\"potentialAction\":[{\"@type\":\"SearchAction\",\"target\":{\"@type\":\"EntryPoint\",\"urlTemplate\":\"https:\\\/\\\/svenskahogtider.se\\\/pask\\\/?s={search_term_string}\"},\"query-input\":{\"@type\":\"PropertyValueSpecification\",\"valueRequired\":true,\"valueName\":\"search_term_string\"}}],\"inLanguage\":\"sv-SE\"},{\"@type\":\"Person\",\"@id\":\"https:\\\/\\\/svenskahogtider.se\\\/pask\\\/#\\\/schema\\\/person\\\/e70b2abc5cbaaa0e031e31843a1ae26b\",\"name\":\"nicklas@16000.se\",\"image\":{\"@type\":\"ImageObject\",\"inLanguage\":\"sv-SE\",\"@id\":\"https:\\\/\\\/secure.gravatar.com\\\/avatar\\\/1d699a22ddc86727c93b8be49a2bf811457b4a1947543d7023ad344be400fbcb?s=96&d=mm&r=g\",\"url\":\"https:\\\/\\\/secure.gravatar.com\\\/avatar\\\/1d699a22ddc86727c93b8be49a2bf811457b4a1947543d7023ad344be400fbcb?s=96&d=mm&r=g\",\"contentUrl\":\"https:\\\/\\\/secure.gravatar.com\\\/avatar\\\/1d699a22ddc86727c93b8be49a2bf811457b4a1947543d7023ad344be400fbcb?s=96&d=mm&r=g\",\"caption\":\"nicklas@16000.se\"},\"sameAs\":[\"https:\\\/\\\/svenskahogtider.se\"],\"url\":\"https:\\\/\\\/svenskahogtider.se\\\/pask\\\/author\\\/nicklas16000-se\\\/\"}]}<\/script>\n<!-- \/ Yoast SEO plugin. -->","yoast_head_json":{"title":"Sk\u00e4rtorsdag - P\u00e5sk","robots":{"index":"index","follow":"follow","max-snippet":"max-snippet:-1","max-image-preview":"max-image-preview:large","max-video-preview":"max-video-preview:-1"},"canonical":"https:\/\/svenskahogtider.se\/pask\/traditioner\/skartorsdag\/","og_locale":"sv_SE","og_type":"article","og_title":"Sk\u00e4rtorsdag - P\u00e5sk","og_description":"Mellan bibliskt allvar och folktrons h\u00e4xor Sk\u00e4rtorsdagen \u00e4r en av p\u00e5skens mest m\u00e5ngfacetterade dagar. Det \u00e4r en dag som rymmer b\u00e5de det djupaste religi\u00f6sa allvaret och en av v\u00e5ra mest lekfulla folkliga traditioner. Namnet \u201dsk\u00e4r\u201d kommer fr\u00e5n det fornsvenska ordet f\u00f6r ren eller renande, vilket syftar p\u00e5 att Jesus enligt bibeln tv\u00e4ttade l\u00e4rjungarnas f\u00f6tter f\u00f6re [&hellip;]","og_url":"https:\/\/svenskahogtider.se\/pask\/traditioner\/skartorsdag\/","og_site_name":"P\u00e5sk","article_published_time":"2026-02-07T16:18:15+00:00","article_modified_time":"2026-02-07T16:18:41+00:00","author":"nicklas@16000.se","twitter_card":"summary_large_image","twitter_misc":{"Skriven av":"nicklas@16000.se","Ber\u00e4knad l\u00e4stid":"2 minuter"},"schema":{"@context":"https:\/\/schema.org","@graph":[{"@type":"Article","@id":"https:\/\/svenskahogtider.se\/pask\/traditioner\/skartorsdag\/#article","isPartOf":{"@id":"https:\/\/svenskahogtider.se\/pask\/traditioner\/skartorsdag\/"},"author":{"name":"nicklas@16000.se","@id":"https:\/\/svenskahogtider.se\/pask\/#\/schema\/person\/e70b2abc5cbaaa0e031e31843a1ae26b"},"headline":"Sk\u00e4rtorsdag","datePublished":"2026-02-07T16:18:15+00:00","dateModified":"2026-02-07T16:18:41+00:00","mainEntityOfPage":{"@id":"https:\/\/svenskahogtider.se\/pask\/traditioner\/skartorsdag\/"},"wordCount":390,"commentCount":0,"articleSection":["Traditioner"],"inLanguage":"sv-SE","potentialAction":[{"@type":"CommentAction","name":"Comment","target":["https:\/\/svenskahogtider.se\/pask\/traditioner\/skartorsdag\/#respond"]}]},{"@type":"WebPage","@id":"https:\/\/svenskahogtider.se\/pask\/traditioner\/skartorsdag\/","url":"https:\/\/svenskahogtider.se\/pask\/traditioner\/skartorsdag\/","name":"Sk\u00e4rtorsdag - P\u00e5sk","isPartOf":{"@id":"https:\/\/svenskahogtider.se\/pask\/#website"},"datePublished":"2026-02-07T16:18:15+00:00","dateModified":"2026-02-07T16:18:41+00:00","author":{"@id":"https:\/\/svenskahogtider.se\/pask\/#\/schema\/person\/e70b2abc5cbaaa0e031e31843a1ae26b"},"breadcrumb":{"@id":"https:\/\/svenskahogtider.se\/pask\/traditioner\/skartorsdag\/#breadcrumb"},"inLanguage":"sv-SE","potentialAction":[{"@type":"ReadAction","target":["https:\/\/svenskahogtider.se\/pask\/traditioner\/skartorsdag\/"]}]},{"@type":"BreadcrumbList","@id":"https:\/\/svenskahogtider.se\/pask\/traditioner\/skartorsdag\/#breadcrumb","itemListElement":[{"@type":"ListItem","position":1,"name":"Hem","item":"https:\/\/svenskahogtider.se\/pask\/"},{"@type":"ListItem","position":2,"name":"Sk\u00e4rtorsdag"}]},{"@type":"WebSite","@id":"https:\/\/svenskahogtider.se\/pask\/#website","url":"https:\/\/svenskahogtider.se\/pask\/","name":"P\u00e5sk","description":"","potentialAction":[{"@type":"SearchAction","target":{"@type":"EntryPoint","urlTemplate":"https:\/\/svenskahogtider.se\/pask\/?s={search_term_string}"},"query-input":{"@type":"PropertyValueSpecification","valueRequired":true,"valueName":"search_term_string"}}],"inLanguage":"sv-SE"},{"@type":"Person","@id":"https:\/\/svenskahogtider.se\/pask\/#\/schema\/person\/e70b2abc5cbaaa0e031e31843a1ae26b","name":"nicklas@16000.se","image":{"@type":"ImageObject","inLanguage":"sv-SE","@id":"https:\/\/secure.gravatar.com\/avatar\/1d699a22ddc86727c93b8be49a2bf811457b4a1947543d7023ad344be400fbcb?s=96&d=mm&r=g","url":"https:\/\/secure.gravatar.com\/avatar\/1d699a22ddc86727c93b8be49a2bf811457b4a1947543d7023ad344be400fbcb?s=96&d=mm&r=g","contentUrl":"https:\/\/secure.gravatar.com\/avatar\/1d699a22ddc86727c93b8be49a2bf811457b4a1947543d7023ad344be400fbcb?s=96&d=mm&r=g","caption":"nicklas@16000.se"},"sameAs":["https:\/\/svenskahogtider.se"],"url":"https:\/\/svenskahogtider.se\/pask\/author\/nicklas16000-se\/"}]}},"_links":{"self":[{"href":"https:\/\/svenskahogtider.se\/pask\/wp-json\/wp\/v2\/posts\/114","targetHints":{"allow":["GET"]}}],"collection":[{"href":"https:\/\/svenskahogtider.se\/pask\/wp-json\/wp\/v2\/posts"}],"about":[{"href":"https:\/\/svenskahogtider.se\/pask\/wp-json\/wp\/v2\/types\/post"}],"author":[{"embeddable":true,"href":"https:\/\/svenskahogtider.se\/pask\/wp-json\/wp\/v2\/users\/1"}],"replies":[{"embeddable":true,"href":"https:\/\/svenskahogtider.se\/pask\/wp-json\/wp\/v2\/comments?post=114"}],"version-history":[{"count":1,"href":"https:\/\/svenskahogtider.se\/pask\/wp-json\/wp\/v2\/posts\/114\/revisions"}],"predecessor-version":[{"id":115,"href":"https:\/\/svenskahogtider.se\/pask\/wp-json\/wp\/v2\/posts\/114\/revisions\/115"}],"wp:attachment":[{"href":"https:\/\/svenskahogtider.se\/pask\/wp-json\/wp\/v2\/media?parent=114"}],"wp:term":[{"taxonomy":"category","embeddable":true,"href":"https:\/\/svenskahogtider.se\/pask\/wp-json\/wp\/v2\/categories?post=114"},{"taxonomy":"post_tag","embeddable":true,"href":"https:\/\/svenskahogtider.se\/pask\/wp-json\/wp\/v2\/tags?post=114"}],"curies":[{"name":"wp","href":"https:\/\/api.w.org\/{rel}","templated":true}]}}