{"id":25,"date":"2025-07-14T20:43:23","date_gmt":"2025-07-14T18:43:23","guid":{"rendered":"https:\/\/svenskahogtider.se\/nyar\/?p=25"},"modified":"2025-07-14T20:43:23","modified_gmt":"2025-07-14T18:43:23","slug":"nyarsklockorna-fran-skansen","status":"publish","type":"post","link":"https:\/\/svenskahogtider.se\/nyar\/2025\/07\/14\/nyarsklockorna-fran-skansen\/","title":{"rendered":"Ny\u00e5rsklockorna fr\u00e5n Skansen"},"content":{"rendered":"\n<p>En av Sveriges mest \u00e4lskade ny\u00e5rstraditioner \u00e4r att se s\u00e4ndningen fr\u00e5n Skansen i Stockholm d\u00e4r n\u00e5gon \u2013 ofta en v\u00e4lk\u00e4nd sk\u00e5despelare eller offentlig person \u2013 l\u00e4ser Alfred Tennysons dikt&nbsp;<em>Ny\u00e5rsklockan<\/em>. Denna h\u00f6gtidliga uppl\u00e4sning, som \u00e4ger rum precis innan tolvslaget, \u00e4r f\u00f6r m\u00e5nga en sj\u00e4lvklar del av firandet. Med sin poetiska ton och tankev\u00e4ckande ord s\u00e4tter traditionen en stillsam och eftert\u00e4nksam pr\u00e4gel p\u00e5 \u00f6verg\u00e5ngen mellan det gamla och det nya \u00e5ret.<\/p>\n\n\n\n<p>Dikten, ursprungligen skriven p\u00e5 engelska under mitten av 1800-talet, heter i original&nbsp;<em>Ring Out, Wild Bells<\/em>. Den \u00f6versattes till svenska av Edvard Fredin redan 1890, och det \u00e4r hans version som fortfarande l\u00e4ses p\u00e5 Skansen varje ny\u00e5rsnatt. De kraftfulla verserna uppmanar till att &#8221;ringa ut&#8221; sorg, hat och splittring \u2013 och i st\u00e4llet &#8221;ringa in&#8221; fred, f\u00f6rsoning och hopp.<\/p>\n\n\n\n<p>Traditionen att l\u00e4sa dikten fr\u00e5n Skansen startade redan 1895. Sedan 1977 har SVT s\u00e4nt den i tv, och d\u00e4rmed blivit tillg\u00e4nglig f\u00f6r hela svenska folket. Miljontals tittare ser uppl\u00e4sningen varje \u00e5r, ofta med t\u00e4nda ljus, festkl\u00e4der och ett glas bubbel i handen. Det \u00e4r ett \u00f6gonblick av stillhet och reflektion mitt i det annars glittriga och h\u00f6gljudda ny\u00e5rsfirandet.<\/p>\n\n\n\n<p>Skansen-s\u00e4ndningen inneh\u00e5ller inte bara dikten, utan \u00e4ven musik, artister och nedr\u00e4kning till tolvslaget. Men det \u00e4r just de klassiska raderna \u2013 &#8221;Ring, klocka, ring i bistra ny\u00e5rsnatten&#8230;&#8221; \u2013 som satt sig djupt i den svenska folksj\u00e4len. F\u00f6r m\u00e5nga \u00e4r dessa ord mer betydelsefulla \u00e4n sj\u00e4lva fyrverkerierna, eftersom de ger m\u00f6jlighet att stanna upp och t\u00e4nka p\u00e5 vad det nya \u00e5ret kan och b\u00f6r inneh\u00e5lla.<\/p>\n\n\n\n<p>Att samlas kring tv:n och lyssna p\u00e5&nbsp;<em>Ny\u00e5rsklockan<\/em>&nbsp;\u00e4r ett s\u00e4tt att k\u00e4nna sig delaktig i n\u00e5got st\u00f6rre. Det \u00e4r ett rituellt \u00f6gonblick som binder samman generationer, hem och hj\u00e4rtan i en gemensam stund. En stund som varje g\u00e5ng p\u00e5minner oss om hoppet om en b\u00e4ttre v\u00e4rld.<\/p>\n","protected":false},"excerpt":{"rendered":"<p>En av Sveriges mest \u00e4lskade ny\u00e5rstraditioner \u00e4r att se s\u00e4ndningen fr\u00e5n Skansen i Stockholm d\u00e4r n\u00e5gon \u2013 ofta en v\u00e4lk\u00e4nd sk\u00e5despelare eller offentlig person \u2013 l\u00e4ser Alfred Tennysons dikt&nbsp;Ny\u00e5rsklockan. Denna h\u00f6gtidliga uppl\u00e4sning, som \u00e4ger rum precis innan tolvslaget, \u00e4r f\u00f6r m\u00e5nga en sj\u00e4lvklar del av firandet. Med sin poetiska ton och tankev\u00e4ckande ord s\u00e4tter traditionen [&hellip;]<\/p>\n","protected":false},"author":1,"featured_media":0,"comment_status":"open","ping_status":"open","sticky":false,"template":"","format":"standard","meta":{"_acf_changed":false,"footnotes":""},"categories":[3],"tags":[],"class_list":["post-25","post","type-post","status-publish","format-standard","hentry","category-traditioner"],"acf":[],"yoast_head":"<!-- This site is optimized with the Yoast SEO plugin v27.5 - https:\/\/yoast.com\/product\/yoast-seo-wordpress\/ -->\n<title>Ny\u00e5rsklockorna fr\u00e5n Skansen - Ny\u00e5r<\/title>\n<meta name=\"robots\" content=\"index, follow, max-snippet:-1, max-image-preview:large, max-video-preview:-1\" \/>\n<link rel=\"canonical\" href=\"https:\/\/svenskahogtider.se\/nyar\/2025\/07\/14\/nyarsklockorna-fran-skansen\/\" \/>\n<meta property=\"og:locale\" content=\"sv_SE\" \/>\n<meta property=\"og:type\" content=\"article\" \/>\n<meta property=\"og:title\" content=\"Ny\u00e5rsklockorna fr\u00e5n Skansen - Ny\u00e5r\" \/>\n<meta property=\"og:description\" content=\"En av Sveriges mest \u00e4lskade ny\u00e5rstraditioner \u00e4r att se s\u00e4ndningen fr\u00e5n Skansen i Stockholm d\u00e4r n\u00e5gon \u2013 ofta en v\u00e4lk\u00e4nd sk\u00e5despelare eller offentlig person \u2013 l\u00e4ser Alfred Tennysons dikt&nbsp;Ny\u00e5rsklockan. Denna h\u00f6gtidliga uppl\u00e4sning, som \u00e4ger rum precis innan tolvslaget, \u00e4r f\u00f6r m\u00e5nga en sj\u00e4lvklar del av firandet. Med sin poetiska ton och tankev\u00e4ckande ord s\u00e4tter traditionen [&hellip;]\" \/>\n<meta property=\"og:url\" content=\"https:\/\/svenskahogtider.se\/nyar\/2025\/07\/14\/nyarsklockorna-fran-skansen\/\" \/>\n<meta property=\"og:site_name\" content=\"Ny\u00e5r\" \/>\n<meta property=\"article:published_time\" content=\"2025-07-14T18:43:23+00:00\" \/>\n<meta name=\"author\" content=\"nicklas@16000.se\" \/>\n<meta name=\"twitter:card\" content=\"summary_large_image\" \/>\n<meta name=\"twitter:label1\" content=\"Skriven av\" \/>\n\t<meta name=\"twitter:data1\" content=\"nicklas@16000.se\" \/>\n\t<meta name=\"twitter:label2\" content=\"Ber\u00e4knad l\u00e4stid\" \/>\n\t<meta name=\"twitter:data2\" content=\"2 minuter\" \/>\n<script type=\"application\/ld+json\" class=\"yoast-schema-graph\">{\"@context\":\"https:\\\/\\\/schema.org\",\"@graph\":[{\"@type\":\"Article\",\"@id\":\"https:\\\/\\\/svenskahogtider.se\\\/nyar\\\/2025\\\/07\\\/14\\\/nyarsklockorna-fran-skansen\\\/#article\",\"isPartOf\":{\"@id\":\"https:\\\/\\\/svenskahogtider.se\\\/nyar\\\/2025\\\/07\\\/14\\\/nyarsklockorna-fran-skansen\\\/\"},\"author\":{\"name\":\"nicklas@16000.se\",\"@id\":\"https:\\\/\\\/svenskahogtider.se\\\/nyar\\\/#\\\/schema\\\/person\\\/e70b2abc5cbaaa0e031e31843a1ae26b\"},\"headline\":\"Ny\u00e5rsklockorna fr\u00e5n Skansen\",\"datePublished\":\"2025-07-14T18:43:23+00:00\",\"mainEntityOfPage\":{\"@id\":\"https:\\\/\\\/svenskahogtider.se\\\/nyar\\\/2025\\\/07\\\/14\\\/nyarsklockorna-fran-skansen\\\/\"},\"wordCount\":357,\"commentCount\":0,\"articleSection\":[\"Traditioner\"],\"inLanguage\":\"sv-SE\",\"potentialAction\":[{\"@type\":\"CommentAction\",\"name\":\"Comment\",\"target\":[\"https:\\\/\\\/svenskahogtider.se\\\/nyar\\\/2025\\\/07\\\/14\\\/nyarsklockorna-fran-skansen\\\/#respond\"]}]},{\"@type\":\"WebPage\",\"@id\":\"https:\\\/\\\/svenskahogtider.se\\\/nyar\\\/2025\\\/07\\\/14\\\/nyarsklockorna-fran-skansen\\\/\",\"url\":\"https:\\\/\\\/svenskahogtider.se\\\/nyar\\\/2025\\\/07\\\/14\\\/nyarsklockorna-fran-skansen\\\/\",\"name\":\"Ny\u00e5rsklockorna fr\u00e5n Skansen - Ny\u00e5r\",\"isPartOf\":{\"@id\":\"https:\\\/\\\/svenskahogtider.se\\\/nyar\\\/#website\"},\"datePublished\":\"2025-07-14T18:43:23+00:00\",\"author\":{\"@id\":\"https:\\\/\\\/svenskahogtider.se\\\/nyar\\\/#\\\/schema\\\/person\\\/e70b2abc5cbaaa0e031e31843a1ae26b\"},\"breadcrumb\":{\"@id\":\"https:\\\/\\\/svenskahogtider.se\\\/nyar\\\/2025\\\/07\\\/14\\\/nyarsklockorna-fran-skansen\\\/#breadcrumb\"},\"inLanguage\":\"sv-SE\",\"potentialAction\":[{\"@type\":\"ReadAction\",\"target\":[\"https:\\\/\\\/svenskahogtider.se\\\/nyar\\\/2025\\\/07\\\/14\\\/nyarsklockorna-fran-skansen\\\/\"]}]},{\"@type\":\"BreadcrumbList\",\"@id\":\"https:\\\/\\\/svenskahogtider.se\\\/nyar\\\/2025\\\/07\\\/14\\\/nyarsklockorna-fran-skansen\\\/#breadcrumb\",\"itemListElement\":[{\"@type\":\"ListItem\",\"position\":1,\"name\":\"Hem\",\"item\":\"https:\\\/\\\/svenskahogtider.se\\\/nyar\\\/\"},{\"@type\":\"ListItem\",\"position\":2,\"name\":\"Ny\u00e5rsklockorna fr\u00e5n Skansen\"}]},{\"@type\":\"WebSite\",\"@id\":\"https:\\\/\\\/svenskahogtider.se\\\/nyar\\\/#website\",\"url\":\"https:\\\/\\\/svenskahogtider.se\\\/nyar\\\/\",\"name\":\"Ny\u00e5r\",\"description\":\"\",\"potentialAction\":[{\"@type\":\"SearchAction\",\"target\":{\"@type\":\"EntryPoint\",\"urlTemplate\":\"https:\\\/\\\/svenskahogtider.se\\\/nyar\\\/?s={search_term_string}\"},\"query-input\":{\"@type\":\"PropertyValueSpecification\",\"valueRequired\":true,\"valueName\":\"search_term_string\"}}],\"inLanguage\":\"sv-SE\"},{\"@type\":\"Person\",\"@id\":\"https:\\\/\\\/svenskahogtider.se\\\/nyar\\\/#\\\/schema\\\/person\\\/e70b2abc5cbaaa0e031e31843a1ae26b\",\"name\":\"nicklas@16000.se\",\"image\":{\"@type\":\"ImageObject\",\"inLanguage\":\"sv-SE\",\"@id\":\"https:\\\/\\\/secure.gravatar.com\\\/avatar\\\/1d699a22ddc86727c93b8be49a2bf811457b4a1947543d7023ad344be400fbcb?s=96&d=mm&r=g\",\"url\":\"https:\\\/\\\/secure.gravatar.com\\\/avatar\\\/1d699a22ddc86727c93b8be49a2bf811457b4a1947543d7023ad344be400fbcb?s=96&d=mm&r=g\",\"contentUrl\":\"https:\\\/\\\/secure.gravatar.com\\\/avatar\\\/1d699a22ddc86727c93b8be49a2bf811457b4a1947543d7023ad344be400fbcb?s=96&d=mm&r=g\",\"caption\":\"nicklas@16000.se\"},\"sameAs\":[\"https:\\\/\\\/svenskahogtider.se\"],\"url\":\"https:\\\/\\\/svenskahogtider.se\\\/nyar\\\/author\\\/nicklas16000-se\\\/\"}]}<\/script>\n<!-- \/ Yoast SEO plugin. -->","yoast_head_json":{"title":"Ny\u00e5rsklockorna fr\u00e5n Skansen - Ny\u00e5r","robots":{"index":"index","follow":"follow","max-snippet":"max-snippet:-1","max-image-preview":"max-image-preview:large","max-video-preview":"max-video-preview:-1"},"canonical":"https:\/\/svenskahogtider.se\/nyar\/2025\/07\/14\/nyarsklockorna-fran-skansen\/","og_locale":"sv_SE","og_type":"article","og_title":"Ny\u00e5rsklockorna fr\u00e5n Skansen - Ny\u00e5r","og_description":"En av Sveriges mest \u00e4lskade ny\u00e5rstraditioner \u00e4r att se s\u00e4ndningen fr\u00e5n Skansen i Stockholm d\u00e4r n\u00e5gon \u2013 ofta en v\u00e4lk\u00e4nd sk\u00e5despelare eller offentlig person \u2013 l\u00e4ser Alfred Tennysons dikt&nbsp;Ny\u00e5rsklockan. Denna h\u00f6gtidliga uppl\u00e4sning, som \u00e4ger rum precis innan tolvslaget, \u00e4r f\u00f6r m\u00e5nga en sj\u00e4lvklar del av firandet. Med sin poetiska ton och tankev\u00e4ckande ord s\u00e4tter traditionen [&hellip;]","og_url":"https:\/\/svenskahogtider.se\/nyar\/2025\/07\/14\/nyarsklockorna-fran-skansen\/","og_site_name":"Ny\u00e5r","article_published_time":"2025-07-14T18:43:23+00:00","author":"nicklas@16000.se","twitter_card":"summary_large_image","twitter_misc":{"Skriven av":"nicklas@16000.se","Ber\u00e4knad l\u00e4stid":"2 minuter"},"schema":{"@context":"https:\/\/schema.org","@graph":[{"@type":"Article","@id":"https:\/\/svenskahogtider.se\/nyar\/2025\/07\/14\/nyarsklockorna-fran-skansen\/#article","isPartOf":{"@id":"https:\/\/svenskahogtider.se\/nyar\/2025\/07\/14\/nyarsklockorna-fran-skansen\/"},"author":{"name":"nicklas@16000.se","@id":"https:\/\/svenskahogtider.se\/nyar\/#\/schema\/person\/e70b2abc5cbaaa0e031e31843a1ae26b"},"headline":"Ny\u00e5rsklockorna fr\u00e5n Skansen","datePublished":"2025-07-14T18:43:23+00:00","mainEntityOfPage":{"@id":"https:\/\/svenskahogtider.se\/nyar\/2025\/07\/14\/nyarsklockorna-fran-skansen\/"},"wordCount":357,"commentCount":0,"articleSection":["Traditioner"],"inLanguage":"sv-SE","potentialAction":[{"@type":"CommentAction","name":"Comment","target":["https:\/\/svenskahogtider.se\/nyar\/2025\/07\/14\/nyarsklockorna-fran-skansen\/#respond"]}]},{"@type":"WebPage","@id":"https:\/\/svenskahogtider.se\/nyar\/2025\/07\/14\/nyarsklockorna-fran-skansen\/","url":"https:\/\/svenskahogtider.se\/nyar\/2025\/07\/14\/nyarsklockorna-fran-skansen\/","name":"Ny\u00e5rsklockorna fr\u00e5n Skansen - Ny\u00e5r","isPartOf":{"@id":"https:\/\/svenskahogtider.se\/nyar\/#website"},"datePublished":"2025-07-14T18:43:23+00:00","author":{"@id":"https:\/\/svenskahogtider.se\/nyar\/#\/schema\/person\/e70b2abc5cbaaa0e031e31843a1ae26b"},"breadcrumb":{"@id":"https:\/\/svenskahogtider.se\/nyar\/2025\/07\/14\/nyarsklockorna-fran-skansen\/#breadcrumb"},"inLanguage":"sv-SE","potentialAction":[{"@type":"ReadAction","target":["https:\/\/svenskahogtider.se\/nyar\/2025\/07\/14\/nyarsklockorna-fran-skansen\/"]}]},{"@type":"BreadcrumbList","@id":"https:\/\/svenskahogtider.se\/nyar\/2025\/07\/14\/nyarsklockorna-fran-skansen\/#breadcrumb","itemListElement":[{"@type":"ListItem","position":1,"name":"Hem","item":"https:\/\/svenskahogtider.se\/nyar\/"},{"@type":"ListItem","position":2,"name":"Ny\u00e5rsklockorna fr\u00e5n Skansen"}]},{"@type":"WebSite","@id":"https:\/\/svenskahogtider.se\/nyar\/#website","url":"https:\/\/svenskahogtider.se\/nyar\/","name":"Ny\u00e5r","description":"","potentialAction":[{"@type":"SearchAction","target":{"@type":"EntryPoint","urlTemplate":"https:\/\/svenskahogtider.se\/nyar\/?s={search_term_string}"},"query-input":{"@type":"PropertyValueSpecification","valueRequired":true,"valueName":"search_term_string"}}],"inLanguage":"sv-SE"},{"@type":"Person","@id":"https:\/\/svenskahogtider.se\/nyar\/#\/schema\/person\/e70b2abc5cbaaa0e031e31843a1ae26b","name":"nicklas@16000.se","image":{"@type":"ImageObject","inLanguage":"sv-SE","@id":"https:\/\/secure.gravatar.com\/avatar\/1d699a22ddc86727c93b8be49a2bf811457b4a1947543d7023ad344be400fbcb?s=96&d=mm&r=g","url":"https:\/\/secure.gravatar.com\/avatar\/1d699a22ddc86727c93b8be49a2bf811457b4a1947543d7023ad344be400fbcb?s=96&d=mm&r=g","contentUrl":"https:\/\/secure.gravatar.com\/avatar\/1d699a22ddc86727c93b8be49a2bf811457b4a1947543d7023ad344be400fbcb?s=96&d=mm&r=g","caption":"nicklas@16000.se"},"sameAs":["https:\/\/svenskahogtider.se"],"url":"https:\/\/svenskahogtider.se\/nyar\/author\/nicklas16000-se\/"}]}},"_links":{"self":[{"href":"https:\/\/svenskahogtider.se\/nyar\/wp-json\/wp\/v2\/posts\/25","targetHints":{"allow":["GET"]}}],"collection":[{"href":"https:\/\/svenskahogtider.se\/nyar\/wp-json\/wp\/v2\/posts"}],"about":[{"href":"https:\/\/svenskahogtider.se\/nyar\/wp-json\/wp\/v2\/types\/post"}],"author":[{"embeddable":true,"href":"https:\/\/svenskahogtider.se\/nyar\/wp-json\/wp\/v2\/users\/1"}],"replies":[{"embeddable":true,"href":"https:\/\/svenskahogtider.se\/nyar\/wp-json\/wp\/v2\/comments?post=25"}],"version-history":[{"count":1,"href":"https:\/\/svenskahogtider.se\/nyar\/wp-json\/wp\/v2\/posts\/25\/revisions"}],"predecessor-version":[{"id":26,"href":"https:\/\/svenskahogtider.se\/nyar\/wp-json\/wp\/v2\/posts\/25\/revisions\/26"}],"wp:attachment":[{"href":"https:\/\/svenskahogtider.se\/nyar\/wp-json\/wp\/v2\/media?parent=25"}],"wp:term":[{"taxonomy":"category","embeddable":true,"href":"https:\/\/svenskahogtider.se\/nyar\/wp-json\/wp\/v2\/categories?post=25"},{"taxonomy":"post_tag","embeddable":true,"href":"https:\/\/svenskahogtider.se\/nyar\/wp-json\/wp\/v2\/tags?post=25"}],"curies":[{"name":"wp","href":"https:\/\/api.w.org\/{rel}","templated":true}]}}