{"id":151,"date":"2025-06-18T12:40:33","date_gmt":"2025-06-18T10:40:33","guid":{"rendered":"https:\/\/svenskahogtider.se\/midsommar\/?p=151"},"modified":"2025-06-18T12:42:16","modified_gmt":"2025-06-18T10:42:16","slug":"midsommardagen","status":"publish","type":"post","link":"https:\/\/svenskahogtider.se\/midsommar\/traditioner\/midsommardagen\/","title":{"rendered":"Midsommardagen"},"content":{"rendered":"\n<p>Midsommardagen \u00e4r f\u00f6r m\u00e5nga en dag f\u00f6r vila och \u00e5terh\u00e4mtning. En dag som v\u00e4ldigt mycket p\u00e5minner om ny\u00e5rsdagen. Efter en l\u00e5ng kv\u00e4ll (och ofta natt) av fest och firande vilar man ut.<br>Eftersom det \u00e4r dagen efter en afton \u00e4r det alltid en r\u00f6d dag.<br>Midsommardagen infaller alltid p\u00e5 en l\u00f6rdag s\u00e5 datumen skiljer sig fr\u00e5n \u00e5r till \u00e5r.<\/p>\n\n\n\n<p>2025 infaller midsommardagen 21 juni<br>2026 infaller midsommardagen 20 juni<br>2027 infaller midsommardagen 26 juni<br>2028 infaller midsommardagen 24 juni<\/p>\n\n\n\n<p>Det \u00e4r inte helt ovanligt att man efter g\u00e5rdagens festligheter tr\u00e4ffas f\u00f6r en lunch (eller brunch) p\u00e5 midsommardagen och har n\u00e5gra enklare former av aktiviteter typ femkamp eller tipsrunda.<br>Dagen inbjuder till trevlig social samvaro d\u00e4r man pratar om g\u00e5rdagen.<\/p>\n","protected":false},"excerpt":{"rendered":"<p>Midsommardagen \u00e4r f\u00f6r m\u00e5nga en dag f\u00f6r vila och \u00e5terh\u00e4mtning. En dag som v\u00e4ldigt mycket p\u00e5minner om ny\u00e5rsdagen. Efter en l\u00e5ng kv\u00e4ll (och ofta natt) av fest och firande vilar man ut.Eftersom det \u00e4r dagen efter en afton \u00e4r det alltid en r\u00f6d dag.Midsommardagen infaller alltid p\u00e5 en l\u00f6rdag s\u00e5 datumen skiljer sig fr\u00e5n \u00e5r [&hellip;]<\/p>\n","protected":false},"author":1,"featured_media":88,"comment_status":"open","ping_status":"open","sticky":false,"template":"","format":"standard","meta":{"_acf_changed":false,"footnotes":""},"categories":[3],"tags":[],"class_list":["post-151","post","type-post","status-publish","format-standard","has-post-thumbnail","hentry","category-traditioner"],"acf":[],"yoast_head":"<!-- This site is optimized with the Yoast SEO plugin v27.4 - https:\/\/yoast.com\/product\/yoast-seo-wordpress\/ -->\n<title>Midsommardagen - Midsommar<\/title>\n<meta name=\"description\" content=\"Midsommardagen. En dag f\u00f6r \u00e5terh\u00e4mtning och social samvaro. Sillunch, lekar och avkoppling \u00e4r sommarens motsvarighet till ny\u00e5rsdagen.\" \/>\n<meta name=\"robots\" content=\"index, follow, max-snippet:-1, max-image-preview:large, max-video-preview:-1\" \/>\n<link rel=\"canonical\" href=\"https:\/\/svenskahogtider.se\/midsommar\/traditioner\/midsommardagen\/\" \/>\n<meta property=\"og:locale\" content=\"sv_SE\" \/>\n<meta property=\"og:type\" content=\"article\" \/>\n<meta property=\"og:title\" content=\"Midsommardagen - Midsommar\" \/>\n<meta property=\"og:description\" content=\"Midsommardagen. En dag f\u00f6r \u00e5terh\u00e4mtning och social samvaro. Sillunch, lekar och avkoppling \u00e4r sommarens motsvarighet till ny\u00e5rsdagen.\" \/>\n<meta property=\"og:url\" content=\"https:\/\/svenskahogtider.se\/midsommar\/traditioner\/midsommardagen\/\" \/>\n<meta property=\"og:site_name\" content=\"Midsommar\" \/>\n<meta property=\"article:published_time\" content=\"2025-06-18T10:40:33+00:00\" \/>\n<meta property=\"article:modified_time\" content=\"2025-06-18T10:42:16+00:00\" \/>\n<meta property=\"og:image\" content=\"https:\/\/svenskahogtider.se\/midsommar\/wp-content\/uploads\/sites\/5\/2025\/06\/midsommarstang.jpg\" \/>\n\t<meta property=\"og:image:width\" content=\"1920\" \/>\n\t<meta property=\"og:image:height\" content=\"1280\" \/>\n\t<meta property=\"og:image:type\" content=\"image\/jpeg\" \/>\n<meta name=\"author\" content=\"nicklas@16000.se\" \/>\n<meta name=\"twitter:card\" content=\"summary_large_image\" \/>\n<meta name=\"twitter:label1\" content=\"Skriven av\" \/>\n\t<meta name=\"twitter:data1\" content=\"nicklas@16000.se\" \/>\n\t<meta name=\"twitter:label2\" content=\"Ber\u00e4knad l\u00e4stid\" \/>\n\t<meta name=\"twitter:data2\" content=\"1 minut\" \/>\n<script type=\"application\/ld+json\" class=\"yoast-schema-graph\">{\"@context\":\"https:\\\/\\\/schema.org\",\"@graph\":[{\"@type\":\"Article\",\"@id\":\"https:\\\/\\\/svenskahogtider.se\\\/midsommar\\\/traditioner\\\/midsommardagen\\\/#article\",\"isPartOf\":{\"@id\":\"https:\\\/\\\/svenskahogtider.se\\\/midsommar\\\/traditioner\\\/midsommardagen\\\/\"},\"author\":{\"name\":\"nicklas@16000.se\",\"@id\":\"https:\\\/\\\/svenskahogtider.se\\\/midsommar\\\/#\\\/schema\\\/person\\\/e70b2abc5cbaaa0e031e31843a1ae26b\"},\"headline\":\"Midsommardagen\",\"datePublished\":\"2025-06-18T10:40:33+00:00\",\"dateModified\":\"2025-06-18T10:42:16+00:00\",\"mainEntityOfPage\":{\"@id\":\"https:\\\/\\\/svenskahogtider.se\\\/midsommar\\\/traditioner\\\/midsommardagen\\\/\"},\"wordCount\":130,\"commentCount\":0,\"image\":{\"@id\":\"https:\\\/\\\/svenskahogtider.se\\\/midsommar\\\/traditioner\\\/midsommardagen\\\/#primaryimage\"},\"thumbnailUrl\":\"https:\\\/\\\/svenskahogtider.se\\\/midsommar\\\/wp-content\\\/uploads\\\/sites\\\/5\\\/2025\\\/06\\\/midsommarstang.jpg\",\"articleSection\":[\"Traditioner\"],\"inLanguage\":\"sv-SE\",\"potentialAction\":[{\"@type\":\"CommentAction\",\"name\":\"Comment\",\"target\":[\"https:\\\/\\\/svenskahogtider.se\\\/midsommar\\\/traditioner\\\/midsommardagen\\\/#respond\"]}]},{\"@type\":\"WebPage\",\"@id\":\"https:\\\/\\\/svenskahogtider.se\\\/midsommar\\\/traditioner\\\/midsommardagen\\\/\",\"url\":\"https:\\\/\\\/svenskahogtider.se\\\/midsommar\\\/traditioner\\\/midsommardagen\\\/\",\"name\":\"Midsommardagen - Midsommar\",\"isPartOf\":{\"@id\":\"https:\\\/\\\/svenskahogtider.se\\\/midsommar\\\/#website\"},\"primaryImageOfPage\":{\"@id\":\"https:\\\/\\\/svenskahogtider.se\\\/midsommar\\\/traditioner\\\/midsommardagen\\\/#primaryimage\"},\"image\":{\"@id\":\"https:\\\/\\\/svenskahogtider.se\\\/midsommar\\\/traditioner\\\/midsommardagen\\\/#primaryimage\"},\"thumbnailUrl\":\"https:\\\/\\\/svenskahogtider.se\\\/midsommar\\\/wp-content\\\/uploads\\\/sites\\\/5\\\/2025\\\/06\\\/midsommarstang.jpg\",\"datePublished\":\"2025-06-18T10:40:33+00:00\",\"dateModified\":\"2025-06-18T10:42:16+00:00\",\"author\":{\"@id\":\"https:\\\/\\\/svenskahogtider.se\\\/midsommar\\\/#\\\/schema\\\/person\\\/e70b2abc5cbaaa0e031e31843a1ae26b\"},\"description\":\"Midsommardagen. En dag f\u00f6r \u00e5terh\u00e4mtning och social samvaro. Sillunch, lekar och avkoppling \u00e4r sommarens motsvarighet till ny\u00e5rsdagen.\",\"breadcrumb\":{\"@id\":\"https:\\\/\\\/svenskahogtider.se\\\/midsommar\\\/traditioner\\\/midsommardagen\\\/#breadcrumb\"},\"inLanguage\":\"sv-SE\",\"potentialAction\":[{\"@type\":\"ReadAction\",\"target\":[\"https:\\\/\\\/svenskahogtider.se\\\/midsommar\\\/traditioner\\\/midsommardagen\\\/\"]}]},{\"@type\":\"ImageObject\",\"inLanguage\":\"sv-SE\",\"@id\":\"https:\\\/\\\/svenskahogtider.se\\\/midsommar\\\/traditioner\\\/midsommardagen\\\/#primaryimage\",\"url\":\"https:\\\/\\\/svenskahogtider.se\\\/midsommar\\\/wp-content\\\/uploads\\\/sites\\\/5\\\/2025\\\/06\\\/midsommarstang.jpg\",\"contentUrl\":\"https:\\\/\\\/svenskahogtider.se\\\/midsommar\\\/wp-content\\\/uploads\\\/sites\\\/5\\\/2025\\\/06\\\/midsommarstang.jpg\",\"width\":1920,\"height\":1280,\"caption\":\"midsommar\"},{\"@type\":\"BreadcrumbList\",\"@id\":\"https:\\\/\\\/svenskahogtider.se\\\/midsommar\\\/traditioner\\\/midsommardagen\\\/#breadcrumb\",\"itemListElement\":[{\"@type\":\"ListItem\",\"position\":1,\"name\":\"Hem\",\"item\":\"https:\\\/\\\/svenskahogtider.se\\\/midsommar\\\/\"},{\"@type\":\"ListItem\",\"position\":2,\"name\":\"Traditioner\",\"item\":\"https:\\\/\\\/svenskahogtider.se\\\/midsommar\\\/category\\\/traditioner\\\/\"},{\"@type\":\"ListItem\",\"position\":3,\"name\":\"Midsommardagen\"}]},{\"@type\":\"WebSite\",\"@id\":\"https:\\\/\\\/svenskahogtider.se\\\/midsommar\\\/#website\",\"url\":\"https:\\\/\\\/svenskahogtider.se\\\/midsommar\\\/\",\"name\":\"Midsommar\",\"description\":\"\",\"potentialAction\":[{\"@type\":\"SearchAction\",\"target\":{\"@type\":\"EntryPoint\",\"urlTemplate\":\"https:\\\/\\\/svenskahogtider.se\\\/midsommar\\\/?s={search_term_string}\"},\"query-input\":{\"@type\":\"PropertyValueSpecification\",\"valueRequired\":true,\"valueName\":\"search_term_string\"}}],\"inLanguage\":\"sv-SE\"},{\"@type\":\"Person\",\"@id\":\"https:\\\/\\\/svenskahogtider.se\\\/midsommar\\\/#\\\/schema\\\/person\\\/e70b2abc5cbaaa0e031e31843a1ae26b\",\"name\":\"nicklas@16000.se\",\"image\":{\"@type\":\"ImageObject\",\"inLanguage\":\"sv-SE\",\"@id\":\"https:\\\/\\\/secure.gravatar.com\\\/avatar\\\/1d699a22ddc86727c93b8be49a2bf811457b4a1947543d7023ad344be400fbcb?s=96&d=mm&r=g\",\"url\":\"https:\\\/\\\/secure.gravatar.com\\\/avatar\\\/1d699a22ddc86727c93b8be49a2bf811457b4a1947543d7023ad344be400fbcb?s=96&d=mm&r=g\",\"contentUrl\":\"https:\\\/\\\/secure.gravatar.com\\\/avatar\\\/1d699a22ddc86727c93b8be49a2bf811457b4a1947543d7023ad344be400fbcb?s=96&d=mm&r=g\",\"caption\":\"nicklas@16000.se\"},\"sameAs\":[\"https:\\\/\\\/svenskahogtider.se\"],\"url\":\"https:\\\/\\\/svenskahogtider.se\\\/midsommar\\\/author\\\/nicklas16000-se\\\/\"}]}<\/script>\n<!-- \/ Yoast SEO plugin. -->","yoast_head_json":{"title":"Midsommardagen - Midsommar","description":"Midsommardagen. En dag f\u00f6r \u00e5terh\u00e4mtning och social samvaro. Sillunch, lekar och avkoppling \u00e4r sommarens motsvarighet till ny\u00e5rsdagen.","robots":{"index":"index","follow":"follow","max-snippet":"max-snippet:-1","max-image-preview":"max-image-preview:large","max-video-preview":"max-video-preview:-1"},"canonical":"https:\/\/svenskahogtider.se\/midsommar\/traditioner\/midsommardagen\/","og_locale":"sv_SE","og_type":"article","og_title":"Midsommardagen - Midsommar","og_description":"Midsommardagen. En dag f\u00f6r \u00e5terh\u00e4mtning och social samvaro. Sillunch, lekar och avkoppling \u00e4r sommarens motsvarighet till ny\u00e5rsdagen.","og_url":"https:\/\/svenskahogtider.se\/midsommar\/traditioner\/midsommardagen\/","og_site_name":"Midsommar","article_published_time":"2025-06-18T10:40:33+00:00","article_modified_time":"2025-06-18T10:42:16+00:00","og_image":[{"width":1920,"height":1280,"url":"https:\/\/svenskahogtider.se\/midsommar\/wp-content\/uploads\/sites\/5\/2025\/06\/midsommarstang.jpg","type":"image\/jpeg"}],"author":"nicklas@16000.se","twitter_card":"summary_large_image","twitter_misc":{"Skriven av":"nicklas@16000.se","Ber\u00e4knad l\u00e4stid":"1 minut"},"schema":{"@context":"https:\/\/schema.org","@graph":[{"@type":"Article","@id":"https:\/\/svenskahogtider.se\/midsommar\/traditioner\/midsommardagen\/#article","isPartOf":{"@id":"https:\/\/svenskahogtider.se\/midsommar\/traditioner\/midsommardagen\/"},"author":{"name":"nicklas@16000.se","@id":"https:\/\/svenskahogtider.se\/midsommar\/#\/schema\/person\/e70b2abc5cbaaa0e031e31843a1ae26b"},"headline":"Midsommardagen","datePublished":"2025-06-18T10:40:33+00:00","dateModified":"2025-06-18T10:42:16+00:00","mainEntityOfPage":{"@id":"https:\/\/svenskahogtider.se\/midsommar\/traditioner\/midsommardagen\/"},"wordCount":130,"commentCount":0,"image":{"@id":"https:\/\/svenskahogtider.se\/midsommar\/traditioner\/midsommardagen\/#primaryimage"},"thumbnailUrl":"https:\/\/svenskahogtider.se\/midsommar\/wp-content\/uploads\/sites\/5\/2025\/06\/midsommarstang.jpg","articleSection":["Traditioner"],"inLanguage":"sv-SE","potentialAction":[{"@type":"CommentAction","name":"Comment","target":["https:\/\/svenskahogtider.se\/midsommar\/traditioner\/midsommardagen\/#respond"]}]},{"@type":"WebPage","@id":"https:\/\/svenskahogtider.se\/midsommar\/traditioner\/midsommardagen\/","url":"https:\/\/svenskahogtider.se\/midsommar\/traditioner\/midsommardagen\/","name":"Midsommardagen - Midsommar","isPartOf":{"@id":"https:\/\/svenskahogtider.se\/midsommar\/#website"},"primaryImageOfPage":{"@id":"https:\/\/svenskahogtider.se\/midsommar\/traditioner\/midsommardagen\/#primaryimage"},"image":{"@id":"https:\/\/svenskahogtider.se\/midsommar\/traditioner\/midsommardagen\/#primaryimage"},"thumbnailUrl":"https:\/\/svenskahogtider.se\/midsommar\/wp-content\/uploads\/sites\/5\/2025\/06\/midsommarstang.jpg","datePublished":"2025-06-18T10:40:33+00:00","dateModified":"2025-06-18T10:42:16+00:00","author":{"@id":"https:\/\/svenskahogtider.se\/midsommar\/#\/schema\/person\/e70b2abc5cbaaa0e031e31843a1ae26b"},"description":"Midsommardagen. En dag f\u00f6r \u00e5terh\u00e4mtning och social samvaro. Sillunch, lekar och avkoppling \u00e4r sommarens motsvarighet till ny\u00e5rsdagen.","breadcrumb":{"@id":"https:\/\/svenskahogtider.se\/midsommar\/traditioner\/midsommardagen\/#breadcrumb"},"inLanguage":"sv-SE","potentialAction":[{"@type":"ReadAction","target":["https:\/\/svenskahogtider.se\/midsommar\/traditioner\/midsommardagen\/"]}]},{"@type":"ImageObject","inLanguage":"sv-SE","@id":"https:\/\/svenskahogtider.se\/midsommar\/traditioner\/midsommardagen\/#primaryimage","url":"https:\/\/svenskahogtider.se\/midsommar\/wp-content\/uploads\/sites\/5\/2025\/06\/midsommarstang.jpg","contentUrl":"https:\/\/svenskahogtider.se\/midsommar\/wp-content\/uploads\/sites\/5\/2025\/06\/midsommarstang.jpg","width":1920,"height":1280,"caption":"midsommar"},{"@type":"BreadcrumbList","@id":"https:\/\/svenskahogtider.se\/midsommar\/traditioner\/midsommardagen\/#breadcrumb","itemListElement":[{"@type":"ListItem","position":1,"name":"Hem","item":"https:\/\/svenskahogtider.se\/midsommar\/"},{"@type":"ListItem","position":2,"name":"Traditioner","item":"https:\/\/svenskahogtider.se\/midsommar\/category\/traditioner\/"},{"@type":"ListItem","position":3,"name":"Midsommardagen"}]},{"@type":"WebSite","@id":"https:\/\/svenskahogtider.se\/midsommar\/#website","url":"https:\/\/svenskahogtider.se\/midsommar\/","name":"Midsommar","description":"","potentialAction":[{"@type":"SearchAction","target":{"@type":"EntryPoint","urlTemplate":"https:\/\/svenskahogtider.se\/midsommar\/?s={search_term_string}"},"query-input":{"@type":"PropertyValueSpecification","valueRequired":true,"valueName":"search_term_string"}}],"inLanguage":"sv-SE"},{"@type":"Person","@id":"https:\/\/svenskahogtider.se\/midsommar\/#\/schema\/person\/e70b2abc5cbaaa0e031e31843a1ae26b","name":"nicklas@16000.se","image":{"@type":"ImageObject","inLanguage":"sv-SE","@id":"https:\/\/secure.gravatar.com\/avatar\/1d699a22ddc86727c93b8be49a2bf811457b4a1947543d7023ad344be400fbcb?s=96&d=mm&r=g","url":"https:\/\/secure.gravatar.com\/avatar\/1d699a22ddc86727c93b8be49a2bf811457b4a1947543d7023ad344be400fbcb?s=96&d=mm&r=g","contentUrl":"https:\/\/secure.gravatar.com\/avatar\/1d699a22ddc86727c93b8be49a2bf811457b4a1947543d7023ad344be400fbcb?s=96&d=mm&r=g","caption":"nicklas@16000.se"},"sameAs":["https:\/\/svenskahogtider.se"],"url":"https:\/\/svenskahogtider.se\/midsommar\/author\/nicklas16000-se\/"}]}},"_links":{"self":[{"href":"https:\/\/svenskahogtider.se\/midsommar\/wp-json\/wp\/v2\/posts\/151","targetHints":{"allow":["GET"]}}],"collection":[{"href":"https:\/\/svenskahogtider.se\/midsommar\/wp-json\/wp\/v2\/posts"}],"about":[{"href":"https:\/\/svenskahogtider.se\/midsommar\/wp-json\/wp\/v2\/types\/post"}],"author":[{"embeddable":true,"href":"https:\/\/svenskahogtider.se\/midsommar\/wp-json\/wp\/v2\/users\/1"}],"replies":[{"embeddable":true,"href":"https:\/\/svenskahogtider.se\/midsommar\/wp-json\/wp\/v2\/comments?post=151"}],"version-history":[{"count":1,"href":"https:\/\/svenskahogtider.se\/midsommar\/wp-json\/wp\/v2\/posts\/151\/revisions"}],"predecessor-version":[{"id":152,"href":"https:\/\/svenskahogtider.se\/midsommar\/wp-json\/wp\/v2\/posts\/151\/revisions\/152"}],"wp:featuredmedia":[{"embeddable":true,"href":"https:\/\/svenskahogtider.se\/midsommar\/wp-json\/wp\/v2\/media\/88"}],"wp:attachment":[{"href":"https:\/\/svenskahogtider.se\/midsommar\/wp-json\/wp\/v2\/media?parent=151"}],"wp:term":[{"taxonomy":"category","embeddable":true,"href":"https:\/\/svenskahogtider.se\/midsommar\/wp-json\/wp\/v2\/categories?post=151"},{"taxonomy":"post_tag","embeddable":true,"href":"https:\/\/svenskahogtider.se\/midsommar\/wp-json\/wp\/v2\/tags?post=151"}],"curies":[{"name":"wp","href":"https:\/\/api.w.org\/{rel}","templated":true}]}}