{"id":17,"count":1,"description":"F\u00f6r barnen \u00e4r advent en enda l\u00e5ng v\u00e4ntan p\u00e5 julafton. Ytterligare ett ljus ska t\u00e4ndas f\u00f6r varje s\u00f6ndag n\u00e4rmare julafton. Lite som en gammaldags och h\u00f6gtidlig julkalender.\r\n\r\nAdvent \u00e4r verkligen uppladdningen inf\u00f6r julen och eftersom det alltid infaller p\u00e5 s\u00f6ndagar brukar det vara aktiviteter av lite lugnare slag. M\u00e5nga g\u00e5nger en \u00e5terh\u00e4mtning fr\u00e5n alla de festligheter som \u00e4ger rum innan jul.\r\n\r\nH\u00e4r har vi samlat alla artiklar kring advent.","link":"https:\/\/svenskahogtider.se\/jul\/tag\/advent\/","name":"Advent","slug":"advent","taxonomy":"post_tag","meta":[],"yoast_head":"<!-- This site is optimized with the Yoast SEO plugin v27.5 - https:\/\/yoast.com\/product\/yoast-seo-wordpress\/ -->\n<title>Advent - Jul<\/title>\n<meta name=\"description\" content=\"L\u00e4s mer om traditioner kring advent.\" \/>\n<meta name=\"robots\" content=\"index, follow, max-snippet:-1, max-image-preview:large, max-video-preview:-1\" \/>\n<link rel=\"canonical\" href=\"https:\/\/svenskahogtider.se\/jul\/tag\/advent\/\" \/>\n<meta property=\"og:locale\" content=\"sv_SE\" \/>\n<meta property=\"og:type\" content=\"article\" \/>\n<meta property=\"og:title\" content=\"Advent - Jul\" \/>\n<meta property=\"og:description\" content=\"L\u00e4s mer om traditioner kring advent.\" \/>\n<meta property=\"og:url\" content=\"https:\/\/svenskahogtider.se\/jul\/tag\/advent\/\" \/>\n<meta property=\"og:site_name\" content=\"Jul\" \/>\n<meta name=\"twitter:card\" content=\"summary_large_image\" \/>\n<script type=\"application\/ld+json\" class=\"yoast-schema-graph\">{\"@context\":\"https:\\\/\\\/schema.org\",\"@graph\":[{\"@type\":\"CollectionPage\",\"@id\":\"https:\\\/\\\/svenskahogtider.se\\\/jul\\\/tag\\\/advent\\\/\",\"url\":\"https:\\\/\\\/svenskahogtider.se\\\/jul\\\/tag\\\/advent\\\/\",\"name\":\"Advent - Jul\",\"isPartOf\":{\"@id\":\"https:\\\/\\\/svenskahogtider.se\\\/jul\\\/#website\"},\"description\":\"L\u00e4s mer om traditioner kring advent.\",\"breadcrumb\":{\"@id\":\"https:\\\/\\\/svenskahogtider.se\\\/jul\\\/tag\\\/advent\\\/#breadcrumb\"},\"inLanguage\":\"sv-SE\"},{\"@type\":\"BreadcrumbList\",\"@id\":\"https:\\\/\\\/svenskahogtider.se\\\/jul\\\/tag\\\/advent\\\/#breadcrumb\",\"itemListElement\":[{\"@type\":\"ListItem\",\"position\":1,\"name\":\"Hem\",\"item\":\"https:\\\/\\\/svenskahogtider.se\\\/jul\\\/\"},{\"@type\":\"ListItem\",\"position\":2,\"name\":\"Advent\"}]},{\"@type\":\"WebSite\",\"@id\":\"https:\\\/\\\/svenskahogtider.se\\\/jul\\\/#website\",\"url\":\"https:\\\/\\\/svenskahogtider.se\\\/jul\\\/\",\"name\":\"Jul\",\"description\":\"\",\"potentialAction\":[{\"@type\":\"SearchAction\",\"target\":{\"@type\":\"EntryPoint\",\"urlTemplate\":\"https:\\\/\\\/svenskahogtider.se\\\/jul\\\/?s={search_term_string}\"},\"query-input\":{\"@type\":\"PropertyValueSpecification\",\"valueRequired\":true,\"valueName\":\"search_term_string\"}}],\"inLanguage\":\"sv-SE\"}]}<\/script>\n<!-- \/ Yoast SEO plugin. -->","yoast_head_json":{"title":"Advent - Jul","description":"L\u00e4s mer om traditioner kring advent.","robots":{"index":"index","follow":"follow","max-snippet":"max-snippet:-1","max-image-preview":"max-image-preview:large","max-video-preview":"max-video-preview:-1"},"canonical":"https:\/\/svenskahogtider.se\/jul\/tag\/advent\/","og_locale":"sv_SE","og_type":"article","og_title":"Advent - Jul","og_description":"L\u00e4s mer om traditioner kring advent.","og_url":"https:\/\/svenskahogtider.se\/jul\/tag\/advent\/","og_site_name":"Jul","twitter_card":"summary_large_image","schema":{"@context":"https:\/\/schema.org","@graph":[{"@type":"CollectionPage","@id":"https:\/\/svenskahogtider.se\/jul\/tag\/advent\/","url":"https:\/\/svenskahogtider.se\/jul\/tag\/advent\/","name":"Advent - Jul","isPartOf":{"@id":"https:\/\/svenskahogtider.se\/jul\/#website"},"description":"L\u00e4s mer om traditioner kring advent.","breadcrumb":{"@id":"https:\/\/svenskahogtider.se\/jul\/tag\/advent\/#breadcrumb"},"inLanguage":"sv-SE"},{"@type":"BreadcrumbList","@id":"https:\/\/svenskahogtider.se\/jul\/tag\/advent\/#breadcrumb","itemListElement":[{"@type":"ListItem","position":1,"name":"Hem","item":"https:\/\/svenskahogtider.se\/jul\/"},{"@type":"ListItem","position":2,"name":"Advent"}]},{"@type":"WebSite","@id":"https:\/\/svenskahogtider.se\/jul\/#website","url":"https:\/\/svenskahogtider.se\/jul\/","name":"Jul","description":"","potentialAction":[{"@type":"SearchAction","target":{"@type":"EntryPoint","urlTemplate":"https:\/\/svenskahogtider.se\/jul\/?s={search_term_string}"},"query-input":{"@type":"PropertyValueSpecification","valueRequired":true,"valueName":"search_term_string"}}],"inLanguage":"sv-SE"}]}},"_links":{"self":[{"href":"https:\/\/svenskahogtider.se\/jul\/wp-json\/wp\/v2\/tags\/17","targetHints":{"allow":["GET"]}}],"collection":[{"href":"https:\/\/svenskahogtider.se\/jul\/wp-json\/wp\/v2\/tags"}],"about":[{"href":"https:\/\/svenskahogtider.se\/jul\/wp-json\/wp\/v2\/taxonomies\/post_tag"}],"wp:post_type":[{"href":"https:\/\/svenskahogtider.se\/jul\/wp-json\/wp\/v2\/posts?tags=17"},{"href":"https:\/\/svenskahogtider.se\/jul\/wp-json\/wp\/v2\/recept?tags=17"},{"href":"https:\/\/svenskahogtider.se\/jul\/wp-json\/wp\/v2\/julmarknader?tags=17"},{"href":"https:\/\/svenskahogtider.se\/jul\/wp-json\/wp\/v2\/dagens_datum?tags=17"},{"href":"https:\/\/svenskahogtider.se\/jul\/wp-json\/wp\/v2\/julrim?tags=17"}],"curies":[{"name":"wp","href":"https:\/\/api.w.org\/{rel}","templated":true}]}}