{"id":48,"date":"2025-04-20T16:04:47","date_gmt":"2025-04-20T14:04:47","guid":{"rendered":"https:\/\/svenskahogtider.se\/jul\/?p=48"},"modified":"2025-11-09T13:43:45","modified_gmt":"2025-11-09T12:43:45","slug":"lucia","status":"publish","type":"post","link":"https:\/\/svenskahogtider.se\/jul\/traditioner\/lucia\/","title":{"rendered":"Lucia"},"content":{"rendered":"\n<p>Lucia &#8211; lika starkt f\u00f6rknippad med julen som <a href=\"https:\/\/svenskahogtider.se\/jul\/traditioner\/19\/\">tomten<\/a>.<\/p>\n\n\n\n<p>Varje \u00e5r den 13 december fylls svenska hem, skolor, kyrkor och arbetsplatser av s\u00e5ng, ljus och lussekatter. Luciafirandet \u00e4r en&nbsp;<strong>\u00e4lskad svensk tradition<\/strong>&nbsp;som f\u00f6r m\u00e5nga markerar h\u00f6jdpunkten av adventstiden. Med luciat\u00e5g, vitkl\u00e4dda barn, t\u00e4nda ljus och st\u00e4mningsfull s\u00e5ng har firandet blivit&nbsp;<strong>ett kulturellt arv<\/strong>&nbsp;som b\u00e5de \u00e4r djupt historiskt och samtidigt levande i modern tid.<\/p>\n\n\n\n<p>Men var kommer Lucia ifr\u00e5n? Vad \u00e4r det vi egentligen firar? Och hur har luciatraditionen utvecklats i Sverige genom tiderna?<\/p>\n\n\n\n<p>I denna artikel f\u00e5r du en&nbsp;<strong>djupdykning i Luciafirandets historia, betydelse och plats i det svenska kulturarvet<\/strong>&nbsp;\u2013 fr\u00e5n helgon och folktro till skols\u00e5ng och tv-s\u00e4nda luciat\u00e5g.<\/p>\n\n\n\n<hr class=\"wp-block-separator has-alpha-channel-opacity\"\/>\n\n\n\n<h2 class=\"wp-block-heading\">\ud83d\udcdc Vem var Lucia? Ursprung i kristen martyrhistoria<\/h2>\n\n\n\n<p>Lucia \u00e4r fr\u00e5n b\u00f6rjan&nbsp;<strong>ett kristet helgon<\/strong>&nbsp;fr\u00e5n Syrakusa p\u00e5 Sicilien. Hon tros ha levt p\u00e5 300-talet och blev martyr f\u00f6r sin tro. Enligt legenden ville hon inte gifta sig med en hednisk man, utan ville ist\u00e4llet tj\u00e4na Gud och ge sin rikedom till de fattiga. Som straff d\u00f6mdes hon till d\u00f6den \u2013 och blev sedermera helgonf\u00f6rklarad.<\/p>\n\n\n\n<p>Lucia firas den 13 december i den&nbsp;<strong>katolska kyrkans helgonkalender<\/strong>, s\u00e4rskilt i Italien. Men hur Lucia tog sig hela v\u00e4gen till Norden \u00e4r mer komplext \u2013 och i Sverige sm\u00e4lte legenden samman med&nbsp;<strong>fornnordiska ljus- och vintertraditioner<\/strong>.<\/p>\n\n\n\n<hr class=\"wp-block-separator has-alpha-channel-opacity\"\/>\n\n\n\n<h2 class=\"wp-block-heading\">\ud83c\udf0c Midvinter och folktro \u2013 svenska r\u00f6tter till Luciafirandet<\/h2>\n\n\n\n<p>Den 13 december inf\u00f6ll enligt den&nbsp;<strong>gamla julianska kalendern<\/strong>&nbsp;p\u00e5 \u00e5rets l\u00e4ngsta natt. Denna natt, kallad&nbsp;<em>Lusse natt<\/em>, ans\u00e5gs i folktron vara&nbsp;<strong>farlig och magisk<\/strong>. \u00d6vernaturliga v\u00e4sen var i r\u00f6relse, och man trodde att Lussi \u2013 en m\u00f6rk kvinnlig varelse \u2013 for genom luften och kunde straffa den som inte var f\u00e4rdig med julf\u00f6rberedelserna.<\/p>\n\n\n\n<p>Det var ocks\u00e5&nbsp;<strong>en natt av \u00f6verg\u00e5ng<\/strong>&nbsp;\u2013 fr\u00e5n m\u00f6rker mot ljus \u2013 vilket gjorde den laddad med symbolik. Under denna tid vakade man \u00f6ver g\u00e5rden, slaktade djur och f\u00f6rberedde inf\u00f6r julen.<\/p>\n\n\n\n<p>N\u00e4r den kristna helgonfiguren Lucia n\u00e5dde Sverige via kontinenten sm\u00e4lte hon allts\u00e5 samman med den \u00e4ldre nordiska traditionen. Resultatet blev en&nbsp;<strong>unik svensk tolkning<\/strong>: Lucia som ljusets drottning i midvinterm\u00f6rkret.<\/p>\n\n\n\n<hr class=\"wp-block-separator has-alpha-channel-opacity\"\/>\n\n\n\n<h2 class=\"wp-block-heading\">\ud83d\udc78 Den moderna Lucia \u2013 framv\u00e4xten av ett t\u00e5g<\/h2>\n\n\n\n<p>Det f\u00f6rsta dokumenterade svenska Luciafirandet med en&nbsp;<strong>flicka kl\u00e4dd i vitt och ljuskrona p\u00e5 huvudet<\/strong>&nbsp;s\u00e4gs ha \u00e4gt rum p\u00e5&nbsp;<strong>V\u00e4sterg\u00f6tlands herrg\u00e5rdar i slutet av 1700-talet<\/strong>. D\u00e4r v\u00e4cktes familjemedlemmar av en &#8221;Lucia&#8221; som bj\u00f6d p\u00e5 kaffe, br\u00f6d och s\u00e5ng.<\/p>\n\n\n\n<p>Men det var f\u00f6rst p\u00e5&nbsp;<strong>1890-talet<\/strong>&nbsp;som Luciafirandet b\u00f6rjade ta sin moderna form, s\u00e4rskilt i skolor och f\u00f6reningar.&nbsp;<strong>Skansen<\/strong>&nbsp;i Stockholm spelade en viktig roll i att lyfta fram Lucia som en folklig tradition, i takt med nationalromantiken och viljan att bevara svensk kultur.<\/p>\n\n\n\n<hr class=\"wp-block-separator has-alpha-channel-opacity\"\/>\n\n\n\n<h2 class=\"wp-block-heading\">\ud83d\udcfa Luciat\u00e5gets genomslag i medier<\/h2>\n\n\n\n<p>En avg\u00f6rande faktor i Luciafirandets spridning var n\u00e4r&nbsp;<strong>Sveriges Television b\u00f6rjade s\u00e4nda Luciamorgon<\/strong>&nbsp;p\u00e5 1960-talet. Programmet blev ett&nbsp;<strong>folkk\u00e4rt inslag i julf\u00f6rberedelserna<\/strong>, d\u00e4r man kunde se k\u00f6rer och barn upptr\u00e4da i direkts\u00e4nda luciat\u00e5g med s\u00e5ng, musik och diktl\u00e4sning.<\/p>\n\n\n\n<p>M\u00e5nga svenskar ser idag&nbsp;<strong>Luciafirandet p\u00e5 tv<\/strong>&nbsp;den 13 december, ofta tidigt p\u00e5 morgonen med en kopp kaffe och lussekatt i handen.<\/p>\n\n\n\n<hr class=\"wp-block-separator has-alpha-channel-opacity\"\/>\n\n\n\n<h2 class=\"wp-block-heading\">\ud83c\udfb6 S\u00e5nger och musik \u2013 Lucia som ljudtradition<\/h2>\n\n\n\n<p>Musiken \u00e4r en central del av Luciafirandet. De mest k\u00e4nda s\u00e5ngerna \u00e4r:<\/p>\n\n\n\n<ul class=\"wp-block-list\">\n<li><strong>&#8221;Sankta Lucia&#8221;<\/strong>\u00a0\u2013 ofta med italiensk melodi och svensk text<\/li>\n\n\n\n<li><strong>&#8221;Natten g\u00e5r tunga fj\u00e4t&#8221;<\/strong><\/li>\n\n\n\n<li><strong>&#8221;Staffan var en stalledr\u00e4ng&#8221;<\/strong><\/li>\n\n\n\n<li><strong>&#8221;Det str\u00e5lar en stj\u00e4rna&#8221;<\/strong><\/li>\n\n\n\n<li><strong>&#8221;Lucias\u00e5ngen&#8221;<\/strong>\u00a0(i olika versioner)<\/li>\n<\/ul>\n\n\n\n<p>S\u00e5ngerna framf\u00f6rs av luciat\u00e5g som best\u00e5r av:<\/p>\n\n\n\n<ul class=\"wp-block-list\">\n<li>Lucia (vit kl\u00e4nning, ljuskrona)<\/li>\n\n\n\n<li>T\u00e4rnor (med ljus i handen)<\/li>\n\n\n\n<li>Stj\u00e4rngossar (med strut och stj\u00e4rna)<\/li>\n\n\n\n<li>Tomtar och pepparkaksgubbar (s\u00e4rskilt i f\u00f6rskolan)<\/li>\n<\/ul>\n\n\n\n<p>S\u00e5ngerna bygger upp en&nbsp;<strong>st\u00e4mningsfull och stilla k\u00e4nsla<\/strong>, ofta i kontrast till julens kommersialism.<\/p>\n\n\n\n<hr class=\"wp-block-separator has-alpha-channel-opacity\"\/>\n\n\n\n<h2 class=\"wp-block-heading\">\ud83e\uddc1 Lussefika \u2013 mat och dryck under Lucia<\/h2>\n\n\n\n<p>Lucia \u00e4r ocks\u00e5 f\u00f6rknippat med&nbsp;<strong>fika och bakverk<\/strong>, d\u00e4r s\u00e4rskilt&nbsp;<strong>lussekatter (saffransbullar)<\/strong>&nbsp;spelar huvudrollen. Saffransbr\u00f6det \u00e4r guldf\u00e4rgat och format i spiraler, ofta med russin, och symboliserar&nbsp;<strong>ljus och v\u00e4rme<\/strong>&nbsp;i vinterm\u00f6rkret.<\/p>\n\n\n\n<p>Till detta dricks:<\/p>\n\n\n\n<ul class=\"wp-block-list\">\n<li>Kaffe<\/li>\n\n\n\n<li>Varm choklad<\/li>\n\n\n\n<li>Gl\u00f6gg (ibland)<\/li>\n\n\n\n<li>Julmust eller saft (f\u00f6r barn)<\/li>\n<\/ul>\n\n\n\n<p>P\u00e5 m\u00e5nga arbetsplatser, skolor och sjukhus serveras&nbsp;<strong>Luciafika<\/strong>&nbsp;denna morgon \u2013 ofta som en form av gemenskap och omtanke.<\/p>\n\n\n\n<hr class=\"wp-block-separator has-alpha-channel-opacity\"\/>\n\n\n\n<h2 class=\"wp-block-heading\">\ud83d\udc68\u200d\ud83d\udc69\u200d\ud83d\udc67 Lucia i skolan och f\u00f6rskolan<\/h2>\n\n\n\n<p>Skolans roll i att sprida Luciafirandet kan inte underskattas. N\u00e4stan alla barn i Sverige deltar n\u00e5gon g\u00e5ng i ett luciat\u00e5g \u2013 ofta i f\u00f6rskolan eller l\u00e5gstadiet. Firandet blir en&nbsp;<strong>inkluderande och rituell del av december<\/strong>, d\u00e4r varje barn f\u00e5r en roll och chansen att sjunga inf\u00f6r publik.<\/p>\n\n\n\n<p>Luciafirandet har ibland v\u00e4ckt debatt kring k\u00f6nsroller (vem f\u00e5r vara Lucia?) och inkludering, men f\u00f6r m\u00e5nga \u00e4r det fr\u00e4mst&nbsp;<strong>en h\u00f6gtid som hyllar ljus, samarbete och trygghet<\/strong>.<\/p>\n\n\n\n<hr class=\"wp-block-separator has-alpha-channel-opacity\"\/>\n\n\n\n<h2 class=\"wp-block-heading\">\ud83d\udd4a\ufe0f Lucia i kyrkan \u2013 ljus och andlighet<\/h2>\n\n\n\n<p>Lucia \u00e4r \u00e4ven en&nbsp;<strong>kristen tradition<\/strong>&nbsp;och firas i m\u00e5nga kyrkor runt om i Sverige med s\u00e4rskilda Luciagudstj\u00e4nster. H\u00e4r betonas ofta helgonets historia, offervilja och medm\u00e4nsklighet. S\u00e5ngerna kompletteras med bibell\u00e4sningar och ljust\u00e4ndning.<\/p>\n\n\n\n<p>Kyrkans Luciafirande har blivit alltmer popul\u00e4rt \u2013 s\u00e4rskilt bland de som s\u00f6ker&nbsp;<strong>andlig stillhet och eftertanke i adventstiden<\/strong>.<\/p>\n\n\n\n<hr class=\"wp-block-separator has-alpha-channel-opacity\"\/>\n\n\n\n<h2 class=\"wp-block-heading\">\ud83e\uddd8 Lucia i dagens Sverige \u2013 en levande tradition<\/h2>\n\n\n\n<p>Idag firas Lucia p\u00e5 m\u00e5nga olika s\u00e4tt:<\/p>\n\n\n\n<ul class=\"wp-block-list\">\n<li><strong>I hemmet<\/strong>\u00a0\u2013 med lussefrukost och t\u00e4nda ljus<\/li>\n\n\n\n<li><strong>I skolan<\/strong>\u00a0\u2013 med luciat\u00e5g och s\u00e5ng<\/li>\n\n\n\n<li><strong>I kyrkan<\/strong>\u00a0\u2013 med andakt och k\u00f6r<\/li>\n\n\n\n<li><strong>P\u00e5 jobbet<\/strong>\u00a0\u2013 med gemensam fika<\/li>\n\n\n\n<li><strong>I media<\/strong>\u00a0\u2013 via SVT:s Luciamorgon eller sociala medier<\/li>\n<\/ul>\n\n\n\n<p>Lucia \u00e4r en&nbsp;<strong>levande tradition som hela tiden utvecklas<\/strong>, men som samtidigt har lyckats beh\u00e5lla sin k\u00e4rna: ljus i m\u00f6rkret, gemenskap och kulturell f\u00f6rankring.<\/p>\n\n\n\n<hr class=\"wp-block-separator has-alpha-channel-opacity\"\/>\n\n\n\n<h2 class=\"wp-block-heading\">\ud83c\udf0d Lucia utanf\u00f6r Sverige<\/h2>\n\n\n\n<p>Luciafirandet har ocks\u00e5 spridit sig till svenska skolor och kyrkor utomlands \u2013 exempelvis i:<\/p>\n\n\n\n<ul class=\"wp-block-list\">\n<li>USA<\/li>\n\n\n\n<li>Storbritannien<\/li>\n\n\n\n<li>Tyskland<\/li>\n\n\n\n<li>Australien<\/li>\n<\/ul>\n\n\n\n<p>H\u00e4r fungerar Lucia som en&nbsp;<strong>ambassad\u00f6r f\u00f6r svensk kultur<\/strong>, och uppskattas f\u00f6r sin estetik, musik och v\u00e4rdegrund.<\/p>\n\n\n\n<hr class=\"wp-block-separator has-alpha-channel-opacity\"\/>\n\n\n\n<h2 class=\"wp-block-heading\">\ud83d\udcac Vad betyder Lucia f\u00f6r svenskarna?<\/h2>\n\n\n\n<p>F\u00f6r m\u00e5nga \u00e4r Lucia:<\/p>\n\n\n\n<ul class=\"wp-block-list\">\n<li>Ett\u00a0<strong>tecken p\u00e5 att julen n\u00e4rmar sig<\/strong><\/li>\n\n\n\n<li>En\u00a0<strong>tradition som binder samman generationer<\/strong><\/li>\n\n\n\n<li>En\u00a0<strong>stillhet i en annars stressig tid<\/strong><\/li>\n\n\n\n<li>Ett\u00a0<strong>kulturellt uttryck f\u00f6r ljus och hopp<\/strong><\/li>\n<\/ul>\n\n\n\n<p>Lucia representerar n\u00e5got som f\u00e5 andra h\u00f6gtider g\u00f6r:&nbsp;<strong>en balans mellan det religi\u00f6sa, folkliga och sekul\u00e4ra<\/strong>, mellan barnens s\u00e5ng och vuxnas nostalgi.<\/p>\n\n\n\n<hr class=\"wp-block-separator has-alpha-channel-opacity\"\/>\n\n\n\n<h2 class=\"wp-block-heading\">\ud83d\udcda Sammanfattning<\/h2>\n\n\n\n<p><strong>Luciafirandet i Sverige \u00e4r en unik och \u00e4lskad tradition som kombinerar kristna r\u00f6tter, nordisk folktro och modern gemenskap.<\/strong>&nbsp;Fr\u00e5n helgonlegender till luciat\u00e5g i skolan har Lucia utvecklats till en h\u00f6gtid med stark kulturell betydelse.<\/p>\n\n\n\n<p>Oavsett om man firar med en traditionell Luciamorgon, en glittrig skolshow eller en enkel frukost med t\u00e4nda ljus, \u00e4r Lucia en dag d\u00e5 Sverige stannar upp, lyssnar och delar ljus i vinterm\u00f6rkret.<\/p>\n","protected":false},"excerpt":{"rendered":"<p>Lucia &#8211; lika starkt f\u00f6rknippad med julen som tomten. Varje \u00e5r den 13 december fylls svenska hem, skolor, kyrkor och arbetsplatser av s\u00e5ng, ljus och lussekatter. Luciafirandet \u00e4r en&nbsp;\u00e4lskad svensk tradition&nbsp;som f\u00f6r m\u00e5nga markerar h\u00f6jdpunkten av adventstiden. Med luciat\u00e5g, vitkl\u00e4dda barn, t\u00e4nda ljus och st\u00e4mningsfull s\u00e5ng har firandet blivit&nbsp;ett kulturellt arv&nbsp;som b\u00e5de \u00e4r djupt historiskt [&hellip;]<\/p>\n","protected":false},"author":1,"featured_media":123,"comment_status":"open","ping_status":"open","sticky":false,"template":"","format":"standard","meta":{"_acf_changed":false,"footnotes":""},"categories":[3],"tags":[16],"class_list":["post-48","post","type-post","status-publish","format-standard","has-post-thumbnail","hentry","category-traditioner","tag-lucia"],"acf":[],"yoast_head":"<!-- This site is optimized with the Yoast SEO plugin v27.5 - https:\/\/yoast.com\/product\/yoast-seo-wordpress\/ -->\n<title>Luciafirandet i Sverige \u2013 historia, tradition och utveckling<\/title>\n<meta name=\"description\" content=\"L\u00e4r dig allt om Lucia \u2013 fr\u00e5n helgon till luciat\u00e5g. Uppt\u00e4ck luciafirandets historia, traditioner och hur h\u00f6gtiden utvecklats i Sverige.\" \/>\n<meta name=\"robots\" content=\"index, follow, max-snippet:-1, max-image-preview:large, max-video-preview:-1\" \/>\n<link rel=\"canonical\" href=\"https:\/\/svenskahogtider.se\/jul\/traditioner\/lucia\/\" \/>\n<meta property=\"og:locale\" content=\"sv_SE\" \/>\n<meta property=\"og:type\" content=\"article\" \/>\n<meta property=\"og:title\" content=\"Luciafirandet i Sverige \u2013 historia, tradition och utveckling\" \/>\n<meta property=\"og:description\" content=\"L\u00e4r dig allt om Lucia \u2013 fr\u00e5n helgon till luciat\u00e5g. Uppt\u00e4ck luciafirandets historia, traditioner och hur h\u00f6gtiden utvecklats i Sverige.\" \/>\n<meta property=\"og:url\" content=\"https:\/\/svenskahogtider.se\/jul\/traditioner\/lucia\/\" \/>\n<meta property=\"og:site_name\" content=\"Jul\" \/>\n<meta property=\"article:published_time\" content=\"2025-04-20T14:04:47+00:00\" \/>\n<meta property=\"article:modified_time\" content=\"2025-11-09T12:43:45+00:00\" \/>\n<meta property=\"og:image\" content=\"https:\/\/svenskahogtider.se\/jul\/wp-content\/uploads\/sites\/3\/2025\/04\/lucia.jpg\" \/>\n\t<meta property=\"og:image:width\" content=\"1536\" \/>\n\t<meta property=\"og:image:height\" content=\"1024\" \/>\n\t<meta property=\"og:image:type\" content=\"image\/jpeg\" \/>\n<meta name=\"author\" content=\"nicklas@16000.se\" \/>\n<meta name=\"twitter:card\" content=\"summary_large_image\" \/>\n<meta name=\"twitter:label1\" content=\"Skriven av\" \/>\n\t<meta name=\"twitter:data1\" content=\"nicklas@16000.se\" \/>\n\t<meta name=\"twitter:label2\" content=\"Ber\u00e4knad l\u00e4stid\" \/>\n\t<meta name=\"twitter:data2\" content=\"6 minuter\" \/>\n<script type=\"application\/ld+json\" class=\"yoast-schema-graph\">{\"@context\":\"https:\\\/\\\/schema.org\",\"@graph\":[{\"@type\":\"Article\",\"@id\":\"https:\\\/\\\/svenskahogtider.se\\\/jul\\\/traditioner\\\/lucia\\\/#article\",\"isPartOf\":{\"@id\":\"https:\\\/\\\/svenskahogtider.se\\\/jul\\\/traditioner\\\/lucia\\\/\"},\"author\":{\"name\":\"nicklas@16000.se\",\"@id\":\"https:\\\/\\\/svenskahogtider.se\\\/jul\\\/#\\\/schema\\\/person\\\/e70b2abc5cbaaa0e031e31843a1ae26b\"},\"headline\":\"Lucia\",\"datePublished\":\"2025-04-20T14:04:47+00:00\",\"dateModified\":\"2025-11-09T12:43:45+00:00\",\"mainEntityOfPage\":{\"@id\":\"https:\\\/\\\/svenskahogtider.se\\\/jul\\\/traditioner\\\/lucia\\\/\"},\"wordCount\":1217,\"commentCount\":0,\"image\":{\"@id\":\"https:\\\/\\\/svenskahogtider.se\\\/jul\\\/traditioner\\\/lucia\\\/#primaryimage\"},\"thumbnailUrl\":\"https:\\\/\\\/svenskahogtider.se\\\/jul\\\/wp-content\\\/uploads\\\/sites\\\/3\\\/2025\\\/04\\\/lucia.jpg\",\"keywords\":[\"Lucia\"],\"articleSection\":[\"Traditioner\"],\"inLanguage\":\"sv-SE\",\"potentialAction\":[{\"@type\":\"CommentAction\",\"name\":\"Comment\",\"target\":[\"https:\\\/\\\/svenskahogtider.se\\\/jul\\\/traditioner\\\/lucia\\\/#respond\"]}]},{\"@type\":\"WebPage\",\"@id\":\"https:\\\/\\\/svenskahogtider.se\\\/jul\\\/traditioner\\\/lucia\\\/\",\"url\":\"https:\\\/\\\/svenskahogtider.se\\\/jul\\\/traditioner\\\/lucia\\\/\",\"name\":\"Luciafirandet i Sverige \u2013 historia, tradition och utveckling\",\"isPartOf\":{\"@id\":\"https:\\\/\\\/svenskahogtider.se\\\/jul\\\/#website\"},\"primaryImageOfPage\":{\"@id\":\"https:\\\/\\\/svenskahogtider.se\\\/jul\\\/traditioner\\\/lucia\\\/#primaryimage\"},\"image\":{\"@id\":\"https:\\\/\\\/svenskahogtider.se\\\/jul\\\/traditioner\\\/lucia\\\/#primaryimage\"},\"thumbnailUrl\":\"https:\\\/\\\/svenskahogtider.se\\\/jul\\\/wp-content\\\/uploads\\\/sites\\\/3\\\/2025\\\/04\\\/lucia.jpg\",\"datePublished\":\"2025-04-20T14:04:47+00:00\",\"dateModified\":\"2025-11-09T12:43:45+00:00\",\"author\":{\"@id\":\"https:\\\/\\\/svenskahogtider.se\\\/jul\\\/#\\\/schema\\\/person\\\/e70b2abc5cbaaa0e031e31843a1ae26b\"},\"description\":\"L\u00e4r dig allt om Lucia \u2013 fr\u00e5n helgon till luciat\u00e5g. Uppt\u00e4ck luciafirandets historia, traditioner och hur h\u00f6gtiden utvecklats i Sverige.\",\"breadcrumb\":{\"@id\":\"https:\\\/\\\/svenskahogtider.se\\\/jul\\\/traditioner\\\/lucia\\\/#breadcrumb\"},\"inLanguage\":\"sv-SE\",\"potentialAction\":[{\"@type\":\"ReadAction\",\"target\":[\"https:\\\/\\\/svenskahogtider.se\\\/jul\\\/traditioner\\\/lucia\\\/\"]}]},{\"@type\":\"ImageObject\",\"inLanguage\":\"sv-SE\",\"@id\":\"https:\\\/\\\/svenskahogtider.se\\\/jul\\\/traditioner\\\/lucia\\\/#primaryimage\",\"url\":\"https:\\\/\\\/svenskahogtider.se\\\/jul\\\/wp-content\\\/uploads\\\/sites\\\/3\\\/2025\\\/04\\\/lucia.jpg\",\"contentUrl\":\"https:\\\/\\\/svenskahogtider.se\\\/jul\\\/wp-content\\\/uploads\\\/sites\\\/3\\\/2025\\\/04\\\/lucia.jpg\",\"width\":1536,\"height\":1024,\"caption\":\"Lucia\"},{\"@type\":\"BreadcrumbList\",\"@id\":\"https:\\\/\\\/svenskahogtider.se\\\/jul\\\/traditioner\\\/lucia\\\/#breadcrumb\",\"itemListElement\":[{\"@type\":\"ListItem\",\"position\":1,\"name\":\"Hem\",\"item\":\"https:\\\/\\\/svenskahogtider.se\\\/jul\\\/\"},{\"@type\":\"ListItem\",\"position\":2,\"name\":\"Lucia\"}]},{\"@type\":\"WebSite\",\"@id\":\"https:\\\/\\\/svenskahogtider.se\\\/jul\\\/#website\",\"url\":\"https:\\\/\\\/svenskahogtider.se\\\/jul\\\/\",\"name\":\"Jul\",\"description\":\"\",\"potentialAction\":[{\"@type\":\"SearchAction\",\"target\":{\"@type\":\"EntryPoint\",\"urlTemplate\":\"https:\\\/\\\/svenskahogtider.se\\\/jul\\\/?s={search_term_string}\"},\"query-input\":{\"@type\":\"PropertyValueSpecification\",\"valueRequired\":true,\"valueName\":\"search_term_string\"}}],\"inLanguage\":\"sv-SE\"},{\"@type\":\"Person\",\"@id\":\"https:\\\/\\\/svenskahogtider.se\\\/jul\\\/#\\\/schema\\\/person\\\/e70b2abc5cbaaa0e031e31843a1ae26b\",\"name\":\"nicklas@16000.se\",\"image\":{\"@type\":\"ImageObject\",\"inLanguage\":\"sv-SE\",\"@id\":\"https:\\\/\\\/secure.gravatar.com\\\/avatar\\\/1d699a22ddc86727c93b8be49a2bf811457b4a1947543d7023ad344be400fbcb?s=96&d=mm&r=g\",\"url\":\"https:\\\/\\\/secure.gravatar.com\\\/avatar\\\/1d699a22ddc86727c93b8be49a2bf811457b4a1947543d7023ad344be400fbcb?s=96&d=mm&r=g\",\"contentUrl\":\"https:\\\/\\\/secure.gravatar.com\\\/avatar\\\/1d699a22ddc86727c93b8be49a2bf811457b4a1947543d7023ad344be400fbcb?s=96&d=mm&r=g\",\"caption\":\"nicklas@16000.se\"},\"sameAs\":[\"https:\\\/\\\/svenskahogtider.se\"],\"url\":\"https:\\\/\\\/svenskahogtider.se\\\/jul\\\/author\\\/nicklas16000-se\\\/\"}]}<\/script>\n<!-- \/ Yoast SEO plugin. -->","yoast_head_json":{"title":"Luciafirandet i Sverige \u2013 historia, tradition och utveckling","description":"L\u00e4r dig allt om Lucia \u2013 fr\u00e5n helgon till luciat\u00e5g. Uppt\u00e4ck luciafirandets historia, traditioner och hur h\u00f6gtiden utvecklats i Sverige.","robots":{"index":"index","follow":"follow","max-snippet":"max-snippet:-1","max-image-preview":"max-image-preview:large","max-video-preview":"max-video-preview:-1"},"canonical":"https:\/\/svenskahogtider.se\/jul\/traditioner\/lucia\/","og_locale":"sv_SE","og_type":"article","og_title":"Luciafirandet i Sverige \u2013 historia, tradition och utveckling","og_description":"L\u00e4r dig allt om Lucia \u2013 fr\u00e5n helgon till luciat\u00e5g. Uppt\u00e4ck luciafirandets historia, traditioner och hur h\u00f6gtiden utvecklats i Sverige.","og_url":"https:\/\/svenskahogtider.se\/jul\/traditioner\/lucia\/","og_site_name":"Jul","article_published_time":"2025-04-20T14:04:47+00:00","article_modified_time":"2025-11-09T12:43:45+00:00","og_image":[{"width":1536,"height":1024,"url":"https:\/\/svenskahogtider.se\/jul\/wp-content\/uploads\/sites\/3\/2025\/04\/lucia.jpg","type":"image\/jpeg"}],"author":"nicklas@16000.se","twitter_card":"summary_large_image","twitter_misc":{"Skriven av":"nicklas@16000.se","Ber\u00e4knad l\u00e4stid":"6 minuter"},"schema":{"@context":"https:\/\/schema.org","@graph":[{"@type":"Article","@id":"https:\/\/svenskahogtider.se\/jul\/traditioner\/lucia\/#article","isPartOf":{"@id":"https:\/\/svenskahogtider.se\/jul\/traditioner\/lucia\/"},"author":{"name":"nicklas@16000.se","@id":"https:\/\/svenskahogtider.se\/jul\/#\/schema\/person\/e70b2abc5cbaaa0e031e31843a1ae26b"},"headline":"Lucia","datePublished":"2025-04-20T14:04:47+00:00","dateModified":"2025-11-09T12:43:45+00:00","mainEntityOfPage":{"@id":"https:\/\/svenskahogtider.se\/jul\/traditioner\/lucia\/"},"wordCount":1217,"commentCount":0,"image":{"@id":"https:\/\/svenskahogtider.se\/jul\/traditioner\/lucia\/#primaryimage"},"thumbnailUrl":"https:\/\/svenskahogtider.se\/jul\/wp-content\/uploads\/sites\/3\/2025\/04\/lucia.jpg","keywords":["Lucia"],"articleSection":["Traditioner"],"inLanguage":"sv-SE","potentialAction":[{"@type":"CommentAction","name":"Comment","target":["https:\/\/svenskahogtider.se\/jul\/traditioner\/lucia\/#respond"]}]},{"@type":"WebPage","@id":"https:\/\/svenskahogtider.se\/jul\/traditioner\/lucia\/","url":"https:\/\/svenskahogtider.se\/jul\/traditioner\/lucia\/","name":"Luciafirandet i Sverige \u2013 historia, tradition och utveckling","isPartOf":{"@id":"https:\/\/svenskahogtider.se\/jul\/#website"},"primaryImageOfPage":{"@id":"https:\/\/svenskahogtider.se\/jul\/traditioner\/lucia\/#primaryimage"},"image":{"@id":"https:\/\/svenskahogtider.se\/jul\/traditioner\/lucia\/#primaryimage"},"thumbnailUrl":"https:\/\/svenskahogtider.se\/jul\/wp-content\/uploads\/sites\/3\/2025\/04\/lucia.jpg","datePublished":"2025-04-20T14:04:47+00:00","dateModified":"2025-11-09T12:43:45+00:00","author":{"@id":"https:\/\/svenskahogtider.se\/jul\/#\/schema\/person\/e70b2abc5cbaaa0e031e31843a1ae26b"},"description":"L\u00e4r dig allt om Lucia \u2013 fr\u00e5n helgon till luciat\u00e5g. Uppt\u00e4ck luciafirandets historia, traditioner och hur h\u00f6gtiden utvecklats i Sverige.","breadcrumb":{"@id":"https:\/\/svenskahogtider.se\/jul\/traditioner\/lucia\/#breadcrumb"},"inLanguage":"sv-SE","potentialAction":[{"@type":"ReadAction","target":["https:\/\/svenskahogtider.se\/jul\/traditioner\/lucia\/"]}]},{"@type":"ImageObject","inLanguage":"sv-SE","@id":"https:\/\/svenskahogtider.se\/jul\/traditioner\/lucia\/#primaryimage","url":"https:\/\/svenskahogtider.se\/jul\/wp-content\/uploads\/sites\/3\/2025\/04\/lucia.jpg","contentUrl":"https:\/\/svenskahogtider.se\/jul\/wp-content\/uploads\/sites\/3\/2025\/04\/lucia.jpg","width":1536,"height":1024,"caption":"Lucia"},{"@type":"BreadcrumbList","@id":"https:\/\/svenskahogtider.se\/jul\/traditioner\/lucia\/#breadcrumb","itemListElement":[{"@type":"ListItem","position":1,"name":"Hem","item":"https:\/\/svenskahogtider.se\/jul\/"},{"@type":"ListItem","position":2,"name":"Lucia"}]},{"@type":"WebSite","@id":"https:\/\/svenskahogtider.se\/jul\/#website","url":"https:\/\/svenskahogtider.se\/jul\/","name":"Jul","description":"","potentialAction":[{"@type":"SearchAction","target":{"@type":"EntryPoint","urlTemplate":"https:\/\/svenskahogtider.se\/jul\/?s={search_term_string}"},"query-input":{"@type":"PropertyValueSpecification","valueRequired":true,"valueName":"search_term_string"}}],"inLanguage":"sv-SE"},{"@type":"Person","@id":"https:\/\/svenskahogtider.se\/jul\/#\/schema\/person\/e70b2abc5cbaaa0e031e31843a1ae26b","name":"nicklas@16000.se","image":{"@type":"ImageObject","inLanguage":"sv-SE","@id":"https:\/\/secure.gravatar.com\/avatar\/1d699a22ddc86727c93b8be49a2bf811457b4a1947543d7023ad344be400fbcb?s=96&d=mm&r=g","url":"https:\/\/secure.gravatar.com\/avatar\/1d699a22ddc86727c93b8be49a2bf811457b4a1947543d7023ad344be400fbcb?s=96&d=mm&r=g","contentUrl":"https:\/\/secure.gravatar.com\/avatar\/1d699a22ddc86727c93b8be49a2bf811457b4a1947543d7023ad344be400fbcb?s=96&d=mm&r=g","caption":"nicklas@16000.se"},"sameAs":["https:\/\/svenskahogtider.se"],"url":"https:\/\/svenskahogtider.se\/jul\/author\/nicklas16000-se\/"}]}},"_links":{"self":[{"href":"https:\/\/svenskahogtider.se\/jul\/wp-json\/wp\/v2\/posts\/48","targetHints":{"allow":["GET"]}}],"collection":[{"href":"https:\/\/svenskahogtider.se\/jul\/wp-json\/wp\/v2\/posts"}],"about":[{"href":"https:\/\/svenskahogtider.se\/jul\/wp-json\/wp\/v2\/types\/post"}],"author":[{"embeddable":true,"href":"https:\/\/svenskahogtider.se\/jul\/wp-json\/wp\/v2\/users\/1"}],"replies":[{"embeddable":true,"href":"https:\/\/svenskahogtider.se\/jul\/wp-json\/wp\/v2\/comments?post=48"}],"version-history":[{"count":1,"href":"https:\/\/svenskahogtider.se\/jul\/wp-json\/wp\/v2\/posts\/48\/revisions"}],"predecessor-version":[{"id":49,"href":"https:\/\/svenskahogtider.se\/jul\/wp-json\/wp\/v2\/posts\/48\/revisions\/49"}],"wp:featuredmedia":[{"embeddable":true,"href":"https:\/\/svenskahogtider.se\/jul\/wp-json\/wp\/v2\/media\/123"}],"wp:attachment":[{"href":"https:\/\/svenskahogtider.se\/jul\/wp-json\/wp\/v2\/media?parent=48"}],"wp:term":[{"taxonomy":"category","embeddable":true,"href":"https:\/\/svenskahogtider.se\/jul\/wp-json\/wp\/v2\/categories?post=48"},{"taxonomy":"post_tag","embeddable":true,"href":"https:\/\/svenskahogtider.se\/jul\/wp-json\/wp\/v2\/tags?post=48"}],"curies":[{"name":"wp","href":"https:\/\/api.w.org\/{rel}","templated":true}]}}