{"id":307,"date":"2025-11-09T13:42:50","date_gmt":"2025-11-09T12:42:50","guid":{"rendered":"https:\/\/svenskahogtider.se\/jul\/?p=307"},"modified":"2025-11-09T13:53:43","modified_gmt":"2025-11-09T12:53:43","slug":"luciasangen","status":"publish","type":"post","link":"https:\/\/svenskahogtider.se\/jul\/film-och-musik\/luciasangen\/","title":{"rendered":"Lucias\u00e5ngen"},"content":{"rendered":"\n<p>Lucias\u00e5ngen, oftast kallad&nbsp;<strong>\u201dSankta Lucia\u201d<\/strong>, \u00e4r sj\u00e4lva hj\u00e4rtslaget i det svenska luciafirandet. Melodin \u00e4r ursprungligen napolitansk \u2013 \u201dSanta Lucia\u201d \u2013 som via 1800-talets Europa letade sig norrut och fick svenska texter i b\u00f6rjan av 1900-talet. I dag sjungs den av luciat\u00e5g i skolor, kyrkor och p\u00e5 arbetsplatser, vanligen i stilla 3\/4-takt medan processionen r\u00f6r sig fram med ljus i m\u00f6rkret.<\/p>\n\n\n\n<p>Den mest k\u00e4nda svenska texten b\u00f6rjar&nbsp;<strong>\u201dNatten g\u00e5r tunga fj\u00e4t\u201d<\/strong>. Den m\u00e5lar upp ett vinterm\u00f6rker som bryts av Lucia, ljusets b\u00e4rare. En annan popul\u00e4r svensk version \u00e4r&nbsp;<strong>\u201dSankta Lucia, ljusklara h\u00e4gring\u201d<\/strong>, ofta vald f\u00f6r sitt renare spr\u00e5k och sin tydliga ljussymbolik. B\u00e5da sjungs p\u00e5 samma melodi, men har lite olika st\u00e4mningsl\u00e4ge: den f\u00f6rsta mer suggestiv och poetisk, den andra klar och h\u00f6gtidlig. Det finns \u00e4ven barnanpassade varianter \u2013 som&nbsp;<strong>\u201dUte \u00e4r m\u00f6rkt och kallt\u201d<\/strong>&nbsp;\u2013 d\u00e4r orden \u00e4r enklare men budskapet detsamma: ljuset segrar \u00f6ver m\u00f6rkret.<\/p>\n\n\n\n<p>I&nbsp;<strong>Finlandssvenska<\/strong>&nbsp;sammanhang samsas texterna med egna lokala varianter, och i&nbsp;<strong>Norge och Danmark<\/strong>&nbsp;anv\u00e4nds \u00f6vers\u00e4ttningar som beh\u00e5ller melodins kontemplativa karakt\u00e4r. K\u00f6rarrangemang sp\u00e4nner fr\u00e5n unison s\u00e5ng till tre- eller fyrst\u00e4mmiga satser med diskantk\u00f6r i spetsen, ibland f\u00f6rst\u00e4rkt med fl\u00f6jt eller str\u00e5kar. I modern tappning f\u00f6rekommer \u00e4ven a cappella-arrangemang med t\u00e4ta klanger, men processionstempot och den mjuka fraseringen bibeh\u00e5lls n\u00e4stan alltid.<\/p>\n\n\n\n<p>Lucias\u00e5ngens kraft ligger i&nbsp;<strong>kontrasten<\/strong>: l\u00e5ngsamma, b\u00f6ljande fraser mot ett stilla skridande t\u00e5g av ljus. Texten, oavsett version, gestaltar hopp och gemenskap i midvinternatten. D\u00e4rf\u00f6r blir s\u00e5ngen mer \u00e4n ett nummer i programmet \u2013 den \u00e4r&nbsp;<strong>dramaturgisk portal<\/strong>&nbsp;till hela ritualen. N\u00e4r f\u00f6rsta tonen klingar vet alla i rummet att n\u00e5got h\u00f6gtidligt b\u00f6rjar: en p\u00e5minnelse om att vi delar m\u00f6rkret, och att vi \u2013 f\u00f6r en stund \u2013 b\u00e4r ljuset tillsammans.<\/p>\n\n\n\n<p>Det har p\u00e5 senare \u00e5r ocks\u00e5 skrivits nya lucias\u00e5nger d\u00e4r tema \u00e4r detsamma &#8211; ett ljus i m\u00f6rkret. Ett exempel \u00e4r <strong>Ljusets drottning<\/strong> av den svenska gruppen <a href=\"https:\/\/swedishsummercrew.online\">Swedish Summer Crew<\/a>.<\/p>\n\n\n\n<figure class=\"wp-block-embed is-type-rich is-provider-spotify wp-block-embed-spotify wp-embed-aspect-21-9 wp-has-aspect-ratio\"><div class=\"wp-block-embed__wrapper\">\n<iframe title=\"Spotify Embed: Ljusets drottning (Lucia 2025)\" style=\"border-radius: 12px\" width=\"100%\" height=\"152\" frameborder=\"0\" allowfullscreen allow=\"autoplay; clipboard-write; encrypted-media; fullscreen; picture-in-picture\" loading=\"lazy\" src=\"https:\/\/open.spotify.com\/embed\/track\/2mOlpS1JrHn0YesVUYP8do?si=0861c1904a574afd&#038;utm_source=oembed\"><\/iframe>\n<\/div><\/figure>\n","protected":false},"excerpt":{"rendered":"<p>Lucias\u00e5ngen, oftast kallad&nbsp;\u201dSankta Lucia\u201d, \u00e4r sj\u00e4lva hj\u00e4rtslaget i det svenska luciafirandet. Melodin \u00e4r ursprungligen napolitansk \u2013 \u201dSanta Lucia\u201d \u2013 som via 1800-talets Europa letade sig norrut och fick svenska texter i b\u00f6rjan av 1900-talet. I dag sjungs den av luciat\u00e5g i skolor, kyrkor och p\u00e5 arbetsplatser, vanligen i stilla 3\/4-takt medan processionen r\u00f6r sig fram [&hellip;]<\/p>\n","protected":false},"author":1,"featured_media":123,"comment_status":"open","ping_status":"open","sticky":false,"template":"","format":"standard","meta":{"_acf_changed":false,"footnotes":""},"categories":[5],"tags":[16],"class_list":["post-307","post","type-post","status-publish","format-standard","has-post-thumbnail","hentry","category-film-och-musik","tag-lucia"],"acf":[],"yoast_head":"<!-- This site is optimized with the Yoast SEO plugin v27.5 - https:\/\/yoast.com\/product\/yoast-seo-wordpress\/ -->\n<title>Traditionell eller ny s\u00e5ng<\/title>\n<meta name=\"description\" content=\"Den klassiska eller en ny modern ?\" \/>\n<meta name=\"robots\" content=\"index, follow, max-snippet:-1, max-image-preview:large, max-video-preview:-1\" \/>\n<link rel=\"canonical\" href=\"https:\/\/svenskahogtider.se\/jul\/film-och-musik\/luciasangen\/\" \/>\n<meta property=\"og:locale\" content=\"sv_SE\" \/>\n<meta property=\"og:type\" content=\"article\" \/>\n<meta property=\"og:title\" content=\"Traditionell eller ny s\u00e5ng\" \/>\n<meta property=\"og:description\" content=\"Den klassiska eller en ny modern ?\" \/>\n<meta property=\"og:url\" content=\"https:\/\/svenskahogtider.se\/jul\/film-och-musik\/luciasangen\/\" \/>\n<meta property=\"og:site_name\" content=\"Jul\" \/>\n<meta property=\"article:published_time\" content=\"2025-11-09T12:42:50+00:00\" \/>\n<meta property=\"article:modified_time\" content=\"2025-11-09T12:53:43+00:00\" \/>\n<meta property=\"og:image\" content=\"https:\/\/svenskahogtider.se\/jul\/wp-content\/uploads\/sites\/3\/2025\/04\/lucia.jpg\" \/>\n\t<meta property=\"og:image:width\" content=\"1536\" \/>\n\t<meta property=\"og:image:height\" content=\"1024\" \/>\n\t<meta property=\"og:image:type\" content=\"image\/jpeg\" \/>\n<meta name=\"author\" content=\"nicklas@16000.se\" \/>\n<meta name=\"twitter:card\" content=\"summary_large_image\" \/>\n<meta name=\"twitter:label1\" content=\"Skriven av\" \/>\n\t<meta name=\"twitter:data1\" content=\"nicklas@16000.se\" \/>\n\t<meta name=\"twitter:label2\" content=\"Ber\u00e4knad l\u00e4stid\" \/>\n\t<meta name=\"twitter:data2\" content=\"2 minuter\" \/>\n<script type=\"application\/ld+json\" class=\"yoast-schema-graph\">{\"@context\":\"https:\\\/\\\/schema.org\",\"@graph\":[{\"@type\":\"Article\",\"@id\":\"https:\\\/\\\/svenskahogtider.se\\\/jul\\\/film-och-musik\\\/luciasangen\\\/#article\",\"isPartOf\":{\"@id\":\"https:\\\/\\\/svenskahogtider.se\\\/jul\\\/film-och-musik\\\/luciasangen\\\/\"},\"author\":{\"name\":\"nicklas@16000.se\",\"@id\":\"https:\\\/\\\/svenskahogtider.se\\\/jul\\\/#\\\/schema\\\/person\\\/e70b2abc5cbaaa0e031e31843a1ae26b\"},\"headline\":\"Lucias\u00e5ngen\",\"datePublished\":\"2025-11-09T12:42:50+00:00\",\"dateModified\":\"2025-11-09T12:53:43+00:00\",\"mainEntityOfPage\":{\"@id\":\"https:\\\/\\\/svenskahogtider.se\\\/jul\\\/film-och-musik\\\/luciasangen\\\/\"},\"wordCount\":390,\"commentCount\":0,\"image\":{\"@id\":\"https:\\\/\\\/svenskahogtider.se\\\/jul\\\/film-och-musik\\\/luciasangen\\\/#primaryimage\"},\"thumbnailUrl\":\"https:\\\/\\\/svenskahogtider.se\\\/jul\\\/wp-content\\\/uploads\\\/sites\\\/3\\\/2025\\\/04\\\/lucia.jpg\",\"keywords\":[\"Lucia\"],\"articleSection\":[\"Film och musik\"],\"inLanguage\":\"sv-SE\",\"potentialAction\":[{\"@type\":\"CommentAction\",\"name\":\"Comment\",\"target\":[\"https:\\\/\\\/svenskahogtider.se\\\/jul\\\/film-och-musik\\\/luciasangen\\\/#respond\"]}]},{\"@type\":\"WebPage\",\"@id\":\"https:\\\/\\\/svenskahogtider.se\\\/jul\\\/film-och-musik\\\/luciasangen\\\/\",\"url\":\"https:\\\/\\\/svenskahogtider.se\\\/jul\\\/film-och-musik\\\/luciasangen\\\/\",\"name\":\"Traditionell eller ny s\u00e5ng\",\"isPartOf\":{\"@id\":\"https:\\\/\\\/svenskahogtider.se\\\/jul\\\/#website\"},\"primaryImageOfPage\":{\"@id\":\"https:\\\/\\\/svenskahogtider.se\\\/jul\\\/film-och-musik\\\/luciasangen\\\/#primaryimage\"},\"image\":{\"@id\":\"https:\\\/\\\/svenskahogtider.se\\\/jul\\\/film-och-musik\\\/luciasangen\\\/#primaryimage\"},\"thumbnailUrl\":\"https:\\\/\\\/svenskahogtider.se\\\/jul\\\/wp-content\\\/uploads\\\/sites\\\/3\\\/2025\\\/04\\\/lucia.jpg\",\"datePublished\":\"2025-11-09T12:42:50+00:00\",\"dateModified\":\"2025-11-09T12:53:43+00:00\",\"author\":{\"@id\":\"https:\\\/\\\/svenskahogtider.se\\\/jul\\\/#\\\/schema\\\/person\\\/e70b2abc5cbaaa0e031e31843a1ae26b\"},\"description\":\"Den klassiska eller en ny modern ?\",\"breadcrumb\":{\"@id\":\"https:\\\/\\\/svenskahogtider.se\\\/jul\\\/film-och-musik\\\/luciasangen\\\/#breadcrumb\"},\"inLanguage\":\"sv-SE\",\"potentialAction\":[{\"@type\":\"ReadAction\",\"target\":[\"https:\\\/\\\/svenskahogtider.se\\\/jul\\\/film-och-musik\\\/luciasangen\\\/\"]}]},{\"@type\":\"ImageObject\",\"inLanguage\":\"sv-SE\",\"@id\":\"https:\\\/\\\/svenskahogtider.se\\\/jul\\\/film-och-musik\\\/luciasangen\\\/#primaryimage\",\"url\":\"https:\\\/\\\/svenskahogtider.se\\\/jul\\\/wp-content\\\/uploads\\\/sites\\\/3\\\/2025\\\/04\\\/lucia.jpg\",\"contentUrl\":\"https:\\\/\\\/svenskahogtider.se\\\/jul\\\/wp-content\\\/uploads\\\/sites\\\/3\\\/2025\\\/04\\\/lucia.jpg\",\"width\":1536,\"height\":1024,\"caption\":\"Lucia\"},{\"@type\":\"BreadcrumbList\",\"@id\":\"https:\\\/\\\/svenskahogtider.se\\\/jul\\\/film-och-musik\\\/luciasangen\\\/#breadcrumb\",\"itemListElement\":[{\"@type\":\"ListItem\",\"position\":1,\"name\":\"Hem\",\"item\":\"https:\\\/\\\/svenskahogtider.se\\\/jul\\\/\"},{\"@type\":\"ListItem\",\"position\":2,\"name\":\"Lucias\u00e5ngen\"}]},{\"@type\":\"WebSite\",\"@id\":\"https:\\\/\\\/svenskahogtider.se\\\/jul\\\/#website\",\"url\":\"https:\\\/\\\/svenskahogtider.se\\\/jul\\\/\",\"name\":\"Jul\",\"description\":\"\",\"potentialAction\":[{\"@type\":\"SearchAction\",\"target\":{\"@type\":\"EntryPoint\",\"urlTemplate\":\"https:\\\/\\\/svenskahogtider.se\\\/jul\\\/?s={search_term_string}\"},\"query-input\":{\"@type\":\"PropertyValueSpecification\",\"valueRequired\":true,\"valueName\":\"search_term_string\"}}],\"inLanguage\":\"sv-SE\"},{\"@type\":\"Person\",\"@id\":\"https:\\\/\\\/svenskahogtider.se\\\/jul\\\/#\\\/schema\\\/person\\\/e70b2abc5cbaaa0e031e31843a1ae26b\",\"name\":\"nicklas@16000.se\",\"image\":{\"@type\":\"ImageObject\",\"inLanguage\":\"sv-SE\",\"@id\":\"https:\\\/\\\/secure.gravatar.com\\\/avatar\\\/1d699a22ddc86727c93b8be49a2bf811457b4a1947543d7023ad344be400fbcb?s=96&d=mm&r=g\",\"url\":\"https:\\\/\\\/secure.gravatar.com\\\/avatar\\\/1d699a22ddc86727c93b8be49a2bf811457b4a1947543d7023ad344be400fbcb?s=96&d=mm&r=g\",\"contentUrl\":\"https:\\\/\\\/secure.gravatar.com\\\/avatar\\\/1d699a22ddc86727c93b8be49a2bf811457b4a1947543d7023ad344be400fbcb?s=96&d=mm&r=g\",\"caption\":\"nicklas@16000.se\"},\"sameAs\":[\"https:\\\/\\\/svenskahogtider.se\"],\"url\":\"https:\\\/\\\/svenskahogtider.se\\\/jul\\\/author\\\/nicklas16000-se\\\/\"}]}<\/script>\n<!-- \/ Yoast SEO plugin. -->","yoast_head_json":{"title":"Traditionell eller ny s\u00e5ng","description":"Den klassiska eller en ny modern ?","robots":{"index":"index","follow":"follow","max-snippet":"max-snippet:-1","max-image-preview":"max-image-preview:large","max-video-preview":"max-video-preview:-1"},"canonical":"https:\/\/svenskahogtider.se\/jul\/film-och-musik\/luciasangen\/","og_locale":"sv_SE","og_type":"article","og_title":"Traditionell eller ny s\u00e5ng","og_description":"Den klassiska eller en ny modern ?","og_url":"https:\/\/svenskahogtider.se\/jul\/film-och-musik\/luciasangen\/","og_site_name":"Jul","article_published_time":"2025-11-09T12:42:50+00:00","article_modified_time":"2025-11-09T12:53:43+00:00","og_image":[{"width":1536,"height":1024,"url":"https:\/\/svenskahogtider.se\/jul\/wp-content\/uploads\/sites\/3\/2025\/04\/lucia.jpg","type":"image\/jpeg"}],"author":"nicklas@16000.se","twitter_card":"summary_large_image","twitter_misc":{"Skriven av":"nicklas@16000.se","Ber\u00e4knad l\u00e4stid":"2 minuter"},"schema":{"@context":"https:\/\/schema.org","@graph":[{"@type":"Article","@id":"https:\/\/svenskahogtider.se\/jul\/film-och-musik\/luciasangen\/#article","isPartOf":{"@id":"https:\/\/svenskahogtider.se\/jul\/film-och-musik\/luciasangen\/"},"author":{"name":"nicklas@16000.se","@id":"https:\/\/svenskahogtider.se\/jul\/#\/schema\/person\/e70b2abc5cbaaa0e031e31843a1ae26b"},"headline":"Lucias\u00e5ngen","datePublished":"2025-11-09T12:42:50+00:00","dateModified":"2025-11-09T12:53:43+00:00","mainEntityOfPage":{"@id":"https:\/\/svenskahogtider.se\/jul\/film-och-musik\/luciasangen\/"},"wordCount":390,"commentCount":0,"image":{"@id":"https:\/\/svenskahogtider.se\/jul\/film-och-musik\/luciasangen\/#primaryimage"},"thumbnailUrl":"https:\/\/svenskahogtider.se\/jul\/wp-content\/uploads\/sites\/3\/2025\/04\/lucia.jpg","keywords":["Lucia"],"articleSection":["Film och musik"],"inLanguage":"sv-SE","potentialAction":[{"@type":"CommentAction","name":"Comment","target":["https:\/\/svenskahogtider.se\/jul\/film-och-musik\/luciasangen\/#respond"]}]},{"@type":"WebPage","@id":"https:\/\/svenskahogtider.se\/jul\/film-och-musik\/luciasangen\/","url":"https:\/\/svenskahogtider.se\/jul\/film-och-musik\/luciasangen\/","name":"Traditionell eller ny s\u00e5ng","isPartOf":{"@id":"https:\/\/svenskahogtider.se\/jul\/#website"},"primaryImageOfPage":{"@id":"https:\/\/svenskahogtider.se\/jul\/film-och-musik\/luciasangen\/#primaryimage"},"image":{"@id":"https:\/\/svenskahogtider.se\/jul\/film-och-musik\/luciasangen\/#primaryimage"},"thumbnailUrl":"https:\/\/svenskahogtider.se\/jul\/wp-content\/uploads\/sites\/3\/2025\/04\/lucia.jpg","datePublished":"2025-11-09T12:42:50+00:00","dateModified":"2025-11-09T12:53:43+00:00","author":{"@id":"https:\/\/svenskahogtider.se\/jul\/#\/schema\/person\/e70b2abc5cbaaa0e031e31843a1ae26b"},"description":"Den klassiska eller en ny modern ?","breadcrumb":{"@id":"https:\/\/svenskahogtider.se\/jul\/film-och-musik\/luciasangen\/#breadcrumb"},"inLanguage":"sv-SE","potentialAction":[{"@type":"ReadAction","target":["https:\/\/svenskahogtider.se\/jul\/film-och-musik\/luciasangen\/"]}]},{"@type":"ImageObject","inLanguage":"sv-SE","@id":"https:\/\/svenskahogtider.se\/jul\/film-och-musik\/luciasangen\/#primaryimage","url":"https:\/\/svenskahogtider.se\/jul\/wp-content\/uploads\/sites\/3\/2025\/04\/lucia.jpg","contentUrl":"https:\/\/svenskahogtider.se\/jul\/wp-content\/uploads\/sites\/3\/2025\/04\/lucia.jpg","width":1536,"height":1024,"caption":"Lucia"},{"@type":"BreadcrumbList","@id":"https:\/\/svenskahogtider.se\/jul\/film-och-musik\/luciasangen\/#breadcrumb","itemListElement":[{"@type":"ListItem","position":1,"name":"Hem","item":"https:\/\/svenskahogtider.se\/jul\/"},{"@type":"ListItem","position":2,"name":"Lucias\u00e5ngen"}]},{"@type":"WebSite","@id":"https:\/\/svenskahogtider.se\/jul\/#website","url":"https:\/\/svenskahogtider.se\/jul\/","name":"Jul","description":"","potentialAction":[{"@type":"SearchAction","target":{"@type":"EntryPoint","urlTemplate":"https:\/\/svenskahogtider.se\/jul\/?s={search_term_string}"},"query-input":{"@type":"PropertyValueSpecification","valueRequired":true,"valueName":"search_term_string"}}],"inLanguage":"sv-SE"},{"@type":"Person","@id":"https:\/\/svenskahogtider.se\/jul\/#\/schema\/person\/e70b2abc5cbaaa0e031e31843a1ae26b","name":"nicklas@16000.se","image":{"@type":"ImageObject","inLanguage":"sv-SE","@id":"https:\/\/secure.gravatar.com\/avatar\/1d699a22ddc86727c93b8be49a2bf811457b4a1947543d7023ad344be400fbcb?s=96&d=mm&r=g","url":"https:\/\/secure.gravatar.com\/avatar\/1d699a22ddc86727c93b8be49a2bf811457b4a1947543d7023ad344be400fbcb?s=96&d=mm&r=g","contentUrl":"https:\/\/secure.gravatar.com\/avatar\/1d699a22ddc86727c93b8be49a2bf811457b4a1947543d7023ad344be400fbcb?s=96&d=mm&r=g","caption":"nicklas@16000.se"},"sameAs":["https:\/\/svenskahogtider.se"],"url":"https:\/\/svenskahogtider.se\/jul\/author\/nicklas16000-se\/"}]}},"_links":{"self":[{"href":"https:\/\/svenskahogtider.se\/jul\/wp-json\/wp\/v2\/posts\/307","targetHints":{"allow":["GET"]}}],"collection":[{"href":"https:\/\/svenskahogtider.se\/jul\/wp-json\/wp\/v2\/posts"}],"about":[{"href":"https:\/\/svenskahogtider.se\/jul\/wp-json\/wp\/v2\/types\/post"}],"author":[{"embeddable":true,"href":"https:\/\/svenskahogtider.se\/jul\/wp-json\/wp\/v2\/users\/1"}],"replies":[{"embeddable":true,"href":"https:\/\/svenskahogtider.se\/jul\/wp-json\/wp\/v2\/comments?post=307"}],"version-history":[{"count":1,"href":"https:\/\/svenskahogtider.se\/jul\/wp-json\/wp\/v2\/posts\/307\/revisions"}],"predecessor-version":[{"id":308,"href":"https:\/\/svenskahogtider.se\/jul\/wp-json\/wp\/v2\/posts\/307\/revisions\/308"}],"wp:featuredmedia":[{"embeddable":true,"href":"https:\/\/svenskahogtider.se\/jul\/wp-json\/wp\/v2\/media\/123"}],"wp:attachment":[{"href":"https:\/\/svenskahogtider.se\/jul\/wp-json\/wp\/v2\/media?parent=307"}],"wp:term":[{"taxonomy":"category","embeddable":true,"href":"https:\/\/svenskahogtider.se\/jul\/wp-json\/wp\/v2\/categories?post=307"},{"taxonomy":"post_tag","embeddable":true,"href":"https:\/\/svenskahogtider.se\/jul\/wp-json\/wp\/v2\/tags?post=307"}],"curies":[{"name":"wp","href":"https:\/\/api.w.org\/{rel}","templated":true}]}}