{"id":302,"date":"2025-11-09T13:35:42","date_gmt":"2025-11-09T12:35:42","guid":{"rendered":"https:\/\/svenskahogtider.se\/jul\/?p=302"},"modified":"2025-11-09T13:35:43","modified_gmt":"2025-11-09T12:35:43","slug":"kalle-anka","status":"publish","type":"post","link":"https:\/\/svenskahogtider.se\/jul\/film-och-musik\/kalle-anka\/","title":{"rendered":"Kalle Anka"},"content":{"rendered":"\n<p>Varje julafton klockan 15.00 samlas miljoner svenskar framf\u00f6r tv:n f\u00f6r att se&nbsp;<strong>\u201dKalle Anka och hans v\u00e4nner \u00f6nskar God Jul\u201d<\/strong>&nbsp;p\u00e5 SVT. Traditionen, som har s\u00e4nts sedan 1960, \u00e4r f\u00f6r m\u00e5nga lika sj\u00e4lvklar som granen, julmaten och klapparna. Programmet best\u00e5r av klassiska Disney-kortfilmer och utvalda scener ur l\u00e5ngfilmer, varvade med en varm och igenk\u00e4nnbar ber\u00e4ttarr\u00f6st. Under flera decennier var det Bengt Feldreich som guidade tittarna och sj\u00f6ng den avslutande \u201dSer du stj\u00e4rnan i det bl\u00e5\u201d, n\u00e5got som i sig blev en del av julk\u00e4nslan.<\/p>\n\n\n\n<p>K\u00e4rnan i s\u00e4ndningen \u00e4r igenk\u00e4nningen. Publiken vet vad som v\u00e4ntar: Kalle Anka som hamnar i tokiga situationer, Piff och Puff som st\u00e4ller till det, och \u00e4lskade \u00f6gonblick ur Disneyklassiker som skapar nostalgi \u00f6ver generationerna. Samtidigt brukar \u201d\u00e5rets julnyhet\u201d \u2013 en kort f\u00f6rhandsvisning av en ny Disneyproduktion \u2013 ge programmet en modern knorr och locka de yngsta tittarna.<\/p>\n\n\n\n<p>Att Kalle Anka h\u00e5llit sin st\u00e4llning beror p\u00e5 mer \u00e4n bara inneh\u00e5llet. Det \u00e4r&nbsp;<strong>timingen<\/strong>&nbsp;och&nbsp;<strong>gemenskapen<\/strong>. Mitt i julst\u00f6ket blir timslaget 15.00 en naturlig paus, n\u00e4r familj och v\u00e4nner hinner sl\u00e5 sig ner tillsammans. M\u00e5nga hush\u00e5ll l\u00e5ter tv:n st\u00e5 p\u00e5 som ett tryggt bakgrundsljud, medan andra g\u00f6r det till dagens sj\u00e4lvklara huvudnummer. F\u00f6r m\u00e5nga utlandssvenskar har programmet dessutom blivit en bro hem till den svenska julen.<\/p>\n\n\n\n<p>Ibland har s\u00e4ndningen v\u00e4ckt debatt n\u00e4r klipp \u00e4ndrats eller bytts ut, men diskussionerna speglar mest hur djupt traditionen sitter. Just d\u00e4rf\u00f6r \u00e4r det anm\u00e4rkningsv\u00e4rt att programmet f\u00f6rblir ett av \u00e5rets mest sedda i Sverige, trots streamingtj\u00e4nster och ett i \u00f6vrigt splittrat medielandskap. Kalle Anka p\u00e5 julafton \u00e4r ett&nbsp;<strong>kollektivt minne<\/strong>&nbsp;som forts\u00e4tter att uppdateras varsamt \u2013 tillr\u00e4ckligt bekant f\u00f6r att lugna, men med sm\u00e5 nyheter som h\u00e5ller intresset vid liv.<\/p>\n\n\n\n<p>F\u00f6r den som vill f\u00f6rst\u00e4rka st\u00e4mningen blir Kalle Anka ofta startskottet f\u00f6r resten av kv\u00e4llen: julbord, tomtebes\u00f6k och paket\u00f6ppning. Traditionen f\u00f6renar gammalt och nytt, barn och vuxna, stad och landsbygd. Kanske \u00e4r det just d\u00e4rf\u00f6r den best\u00e5r \u2013 f\u00f6r att den erbjuder en timmes gemensam f\u00f6rv\u00e4ntan, d\u00e4r skrattet \u00e4r enkelt, musiken v\u00e4lbekant och julens hj\u00e4rta klappar i takt med Kalles.<\/p>\n","protected":false},"excerpt":{"rendered":"<p>Varje julafton klockan 15.00 samlas miljoner svenskar framf\u00f6r tv:n f\u00f6r att se&nbsp;\u201dKalle Anka och hans v\u00e4nner \u00f6nskar God Jul\u201d&nbsp;p\u00e5 SVT. Traditionen, som har s\u00e4nts sedan 1960, \u00e4r f\u00f6r m\u00e5nga lika sj\u00e4lvklar som granen, julmaten och klapparna. Programmet best\u00e5r av klassiska Disney-kortfilmer och utvalda scener ur l\u00e5ngfilmer, varvade med en varm och igenk\u00e4nnbar ber\u00e4ttarr\u00f6st. Under flera [&hellip;]<\/p>\n","protected":false},"author":1,"featured_media":127,"comment_status":"open","ping_status":"open","sticky":false,"template":"","format":"standard","meta":{"_acf_changed":false,"footnotes":""},"categories":[5],"tags":[],"class_list":["post-302","post","type-post","status-publish","format-standard","has-post-thumbnail","hentry","category-film-och-musik"],"acf":[],"yoast_head":"<!-- This site is optimized with the Yoast SEO plugin v27.5 - https:\/\/yoast.com\/product\/yoast-seo-wordpress\/ -->\n<title>Sveriges mest klassiska julprogram<\/title>\n<meta name=\"description\" content=\"Klockan 15 p\u00e5 julafton \u00e4r den mest traditionstyngda tidpunkten i Sverige\" \/>\n<meta name=\"robots\" content=\"index, follow, max-snippet:-1, max-image-preview:large, max-video-preview:-1\" \/>\n<link rel=\"canonical\" href=\"https:\/\/svenskahogtider.se\/jul\/film-och-musik\/kalle-anka\/\" \/>\n<meta property=\"og:locale\" content=\"sv_SE\" \/>\n<meta property=\"og:type\" content=\"article\" \/>\n<meta property=\"og:title\" content=\"Sveriges mest klassiska julprogram\" \/>\n<meta property=\"og:description\" content=\"Klockan 15 p\u00e5 julafton \u00e4r den mest traditionstyngda tidpunkten i Sverige\" \/>\n<meta property=\"og:url\" content=\"https:\/\/svenskahogtider.se\/jul\/film-och-musik\/kalle-anka\/\" \/>\n<meta property=\"og:site_name\" content=\"Jul\" \/>\n<meta property=\"article:published_time\" content=\"2025-11-09T12:35:42+00:00\" \/>\n<meta property=\"article:modified_time\" content=\"2025-11-09T12:35:43+00:00\" \/>\n<meta property=\"og:image\" content=\"https:\/\/svenskahogtider.se\/jul\/wp-content\/uploads\/sites\/3\/2025\/04\/uppesittarkvall-1024x683.png\" \/>\n\t<meta property=\"og:image:width\" content=\"1024\" \/>\n\t<meta property=\"og:image:height\" content=\"683\" \/>\n\t<meta property=\"og:image:type\" content=\"image\/png\" \/>\n<meta name=\"author\" content=\"nicklas@16000.se\" \/>\n<meta name=\"twitter:card\" content=\"summary_large_image\" \/>\n<meta name=\"twitter:label1\" content=\"Skriven av\" \/>\n\t<meta name=\"twitter:data1\" content=\"nicklas@16000.se\" \/>\n\t<meta name=\"twitter:label2\" content=\"Ber\u00e4knad l\u00e4stid\" \/>\n\t<meta name=\"twitter:data2\" content=\"2 minuter\" \/>\n<script type=\"application\/ld+json\" class=\"yoast-schema-graph\">{\"@context\":\"https:\\\/\\\/schema.org\",\"@graph\":[{\"@type\":\"Article\",\"@id\":\"https:\\\/\\\/svenskahogtider.se\\\/jul\\\/film-och-musik\\\/kalle-anka\\\/#article\",\"isPartOf\":{\"@id\":\"https:\\\/\\\/svenskahogtider.se\\\/jul\\\/film-och-musik\\\/kalle-anka\\\/\"},\"author\":{\"name\":\"nicklas@16000.se\",\"@id\":\"https:\\\/\\\/svenskahogtider.se\\\/jul\\\/#\\\/schema\\\/person\\\/e70b2abc5cbaaa0e031e31843a1ae26b\"},\"headline\":\"Kalle Anka\",\"datePublished\":\"2025-11-09T12:35:42+00:00\",\"dateModified\":\"2025-11-09T12:35:43+00:00\",\"mainEntityOfPage\":{\"@id\":\"https:\\\/\\\/svenskahogtider.se\\\/jul\\\/film-och-musik\\\/kalle-anka\\\/\"},\"wordCount\":408,\"commentCount\":0,\"image\":{\"@id\":\"https:\\\/\\\/svenskahogtider.se\\\/jul\\\/film-och-musik\\\/kalle-anka\\\/#primaryimage\"},\"thumbnailUrl\":\"https:\\\/\\\/svenskahogtider.se\\\/jul\\\/wp-content\\\/uploads\\\/sites\\\/3\\\/2025\\\/04\\\/uppesittarkvall.png\",\"articleSection\":[\"Film och musik\"],\"inLanguage\":\"sv-SE\",\"potentialAction\":[{\"@type\":\"CommentAction\",\"name\":\"Comment\",\"target\":[\"https:\\\/\\\/svenskahogtider.se\\\/jul\\\/film-och-musik\\\/kalle-anka\\\/#respond\"]}]},{\"@type\":\"WebPage\",\"@id\":\"https:\\\/\\\/svenskahogtider.se\\\/jul\\\/film-och-musik\\\/kalle-anka\\\/\",\"url\":\"https:\\\/\\\/svenskahogtider.se\\\/jul\\\/film-och-musik\\\/kalle-anka\\\/\",\"name\":\"Sveriges mest klassiska julprogram\",\"isPartOf\":{\"@id\":\"https:\\\/\\\/svenskahogtider.se\\\/jul\\\/#website\"},\"primaryImageOfPage\":{\"@id\":\"https:\\\/\\\/svenskahogtider.se\\\/jul\\\/film-och-musik\\\/kalle-anka\\\/#primaryimage\"},\"image\":{\"@id\":\"https:\\\/\\\/svenskahogtider.se\\\/jul\\\/film-och-musik\\\/kalle-anka\\\/#primaryimage\"},\"thumbnailUrl\":\"https:\\\/\\\/svenskahogtider.se\\\/jul\\\/wp-content\\\/uploads\\\/sites\\\/3\\\/2025\\\/04\\\/uppesittarkvall.png\",\"datePublished\":\"2025-11-09T12:35:42+00:00\",\"dateModified\":\"2025-11-09T12:35:43+00:00\",\"author\":{\"@id\":\"https:\\\/\\\/svenskahogtider.se\\\/jul\\\/#\\\/schema\\\/person\\\/e70b2abc5cbaaa0e031e31843a1ae26b\"},\"description\":\"Klockan 15 p\u00e5 julafton \u00e4r den mest traditionstyngda tidpunkten i Sverige\",\"breadcrumb\":{\"@id\":\"https:\\\/\\\/svenskahogtider.se\\\/jul\\\/film-och-musik\\\/kalle-anka\\\/#breadcrumb\"},\"inLanguage\":\"sv-SE\",\"potentialAction\":[{\"@type\":\"ReadAction\",\"target\":[\"https:\\\/\\\/svenskahogtider.se\\\/jul\\\/film-och-musik\\\/kalle-anka\\\/\"]}]},{\"@type\":\"ImageObject\",\"inLanguage\":\"sv-SE\",\"@id\":\"https:\\\/\\\/svenskahogtider.se\\\/jul\\\/film-och-musik\\\/kalle-anka\\\/#primaryimage\",\"url\":\"https:\\\/\\\/svenskahogtider.se\\\/jul\\\/wp-content\\\/uploads\\\/sites\\\/3\\\/2025\\\/04\\\/uppesittarkvall.png\",\"contentUrl\":\"https:\\\/\\\/svenskahogtider.se\\\/jul\\\/wp-content\\\/uploads\\\/sites\\\/3\\\/2025\\\/04\\\/uppesittarkvall.png\",\"width\":1536,\"height\":1024,\"caption\":\"uppesittarkv\u00e4ll\"},{\"@type\":\"BreadcrumbList\",\"@id\":\"https:\\\/\\\/svenskahogtider.se\\\/jul\\\/film-och-musik\\\/kalle-anka\\\/#breadcrumb\",\"itemListElement\":[{\"@type\":\"ListItem\",\"position\":1,\"name\":\"Hem\",\"item\":\"https:\\\/\\\/svenskahogtider.se\\\/jul\\\/\"},{\"@type\":\"ListItem\",\"position\":2,\"name\":\"Kalle Anka\"}]},{\"@type\":\"WebSite\",\"@id\":\"https:\\\/\\\/svenskahogtider.se\\\/jul\\\/#website\",\"url\":\"https:\\\/\\\/svenskahogtider.se\\\/jul\\\/\",\"name\":\"Jul\",\"description\":\"\",\"potentialAction\":[{\"@type\":\"SearchAction\",\"target\":{\"@type\":\"EntryPoint\",\"urlTemplate\":\"https:\\\/\\\/svenskahogtider.se\\\/jul\\\/?s={search_term_string}\"},\"query-input\":{\"@type\":\"PropertyValueSpecification\",\"valueRequired\":true,\"valueName\":\"search_term_string\"}}],\"inLanguage\":\"sv-SE\"},{\"@type\":\"Person\",\"@id\":\"https:\\\/\\\/svenskahogtider.se\\\/jul\\\/#\\\/schema\\\/person\\\/e70b2abc5cbaaa0e031e31843a1ae26b\",\"name\":\"nicklas@16000.se\",\"image\":{\"@type\":\"ImageObject\",\"inLanguage\":\"sv-SE\",\"@id\":\"https:\\\/\\\/secure.gravatar.com\\\/avatar\\\/1d699a22ddc86727c93b8be49a2bf811457b4a1947543d7023ad344be400fbcb?s=96&d=mm&r=g\",\"url\":\"https:\\\/\\\/secure.gravatar.com\\\/avatar\\\/1d699a22ddc86727c93b8be49a2bf811457b4a1947543d7023ad344be400fbcb?s=96&d=mm&r=g\",\"contentUrl\":\"https:\\\/\\\/secure.gravatar.com\\\/avatar\\\/1d699a22ddc86727c93b8be49a2bf811457b4a1947543d7023ad344be400fbcb?s=96&d=mm&r=g\",\"caption\":\"nicklas@16000.se\"},\"sameAs\":[\"https:\\\/\\\/svenskahogtider.se\"],\"url\":\"https:\\\/\\\/svenskahogtider.se\\\/jul\\\/author\\\/nicklas16000-se\\\/\"}]}<\/script>\n<!-- \/ Yoast SEO plugin. -->","yoast_head_json":{"title":"Sveriges mest klassiska julprogram","description":"Klockan 15 p\u00e5 julafton \u00e4r den mest traditionstyngda tidpunkten i Sverige","robots":{"index":"index","follow":"follow","max-snippet":"max-snippet:-1","max-image-preview":"max-image-preview:large","max-video-preview":"max-video-preview:-1"},"canonical":"https:\/\/svenskahogtider.se\/jul\/film-och-musik\/kalle-anka\/","og_locale":"sv_SE","og_type":"article","og_title":"Sveriges mest klassiska julprogram","og_description":"Klockan 15 p\u00e5 julafton \u00e4r den mest traditionstyngda tidpunkten i Sverige","og_url":"https:\/\/svenskahogtider.se\/jul\/film-och-musik\/kalle-anka\/","og_site_name":"Jul","article_published_time":"2025-11-09T12:35:42+00:00","article_modified_time":"2025-11-09T12:35:43+00:00","og_image":[{"width":1024,"height":683,"url":"https:\/\/svenskahogtider.se\/jul\/wp-content\/uploads\/sites\/3\/2025\/04\/uppesittarkvall-1024x683.png","type":"image\/png"}],"author":"nicklas@16000.se","twitter_card":"summary_large_image","twitter_misc":{"Skriven av":"nicklas@16000.se","Ber\u00e4knad l\u00e4stid":"2 minuter"},"schema":{"@context":"https:\/\/schema.org","@graph":[{"@type":"Article","@id":"https:\/\/svenskahogtider.se\/jul\/film-och-musik\/kalle-anka\/#article","isPartOf":{"@id":"https:\/\/svenskahogtider.se\/jul\/film-och-musik\/kalle-anka\/"},"author":{"name":"nicklas@16000.se","@id":"https:\/\/svenskahogtider.se\/jul\/#\/schema\/person\/e70b2abc5cbaaa0e031e31843a1ae26b"},"headline":"Kalle Anka","datePublished":"2025-11-09T12:35:42+00:00","dateModified":"2025-11-09T12:35:43+00:00","mainEntityOfPage":{"@id":"https:\/\/svenskahogtider.se\/jul\/film-och-musik\/kalle-anka\/"},"wordCount":408,"commentCount":0,"image":{"@id":"https:\/\/svenskahogtider.se\/jul\/film-och-musik\/kalle-anka\/#primaryimage"},"thumbnailUrl":"https:\/\/svenskahogtider.se\/jul\/wp-content\/uploads\/sites\/3\/2025\/04\/uppesittarkvall.png","articleSection":["Film och musik"],"inLanguage":"sv-SE","potentialAction":[{"@type":"CommentAction","name":"Comment","target":["https:\/\/svenskahogtider.se\/jul\/film-och-musik\/kalle-anka\/#respond"]}]},{"@type":"WebPage","@id":"https:\/\/svenskahogtider.se\/jul\/film-och-musik\/kalle-anka\/","url":"https:\/\/svenskahogtider.se\/jul\/film-och-musik\/kalle-anka\/","name":"Sveriges mest klassiska julprogram","isPartOf":{"@id":"https:\/\/svenskahogtider.se\/jul\/#website"},"primaryImageOfPage":{"@id":"https:\/\/svenskahogtider.se\/jul\/film-och-musik\/kalle-anka\/#primaryimage"},"image":{"@id":"https:\/\/svenskahogtider.se\/jul\/film-och-musik\/kalle-anka\/#primaryimage"},"thumbnailUrl":"https:\/\/svenskahogtider.se\/jul\/wp-content\/uploads\/sites\/3\/2025\/04\/uppesittarkvall.png","datePublished":"2025-11-09T12:35:42+00:00","dateModified":"2025-11-09T12:35:43+00:00","author":{"@id":"https:\/\/svenskahogtider.se\/jul\/#\/schema\/person\/e70b2abc5cbaaa0e031e31843a1ae26b"},"description":"Klockan 15 p\u00e5 julafton \u00e4r den mest traditionstyngda tidpunkten i Sverige","breadcrumb":{"@id":"https:\/\/svenskahogtider.se\/jul\/film-och-musik\/kalle-anka\/#breadcrumb"},"inLanguage":"sv-SE","potentialAction":[{"@type":"ReadAction","target":["https:\/\/svenskahogtider.se\/jul\/film-och-musik\/kalle-anka\/"]}]},{"@type":"ImageObject","inLanguage":"sv-SE","@id":"https:\/\/svenskahogtider.se\/jul\/film-och-musik\/kalle-anka\/#primaryimage","url":"https:\/\/svenskahogtider.se\/jul\/wp-content\/uploads\/sites\/3\/2025\/04\/uppesittarkvall.png","contentUrl":"https:\/\/svenskahogtider.se\/jul\/wp-content\/uploads\/sites\/3\/2025\/04\/uppesittarkvall.png","width":1536,"height":1024,"caption":"uppesittarkv\u00e4ll"},{"@type":"BreadcrumbList","@id":"https:\/\/svenskahogtider.se\/jul\/film-och-musik\/kalle-anka\/#breadcrumb","itemListElement":[{"@type":"ListItem","position":1,"name":"Hem","item":"https:\/\/svenskahogtider.se\/jul\/"},{"@type":"ListItem","position":2,"name":"Kalle Anka"}]},{"@type":"WebSite","@id":"https:\/\/svenskahogtider.se\/jul\/#website","url":"https:\/\/svenskahogtider.se\/jul\/","name":"Jul","description":"","potentialAction":[{"@type":"SearchAction","target":{"@type":"EntryPoint","urlTemplate":"https:\/\/svenskahogtider.se\/jul\/?s={search_term_string}"},"query-input":{"@type":"PropertyValueSpecification","valueRequired":true,"valueName":"search_term_string"}}],"inLanguage":"sv-SE"},{"@type":"Person","@id":"https:\/\/svenskahogtider.se\/jul\/#\/schema\/person\/e70b2abc5cbaaa0e031e31843a1ae26b","name":"nicklas@16000.se","image":{"@type":"ImageObject","inLanguage":"sv-SE","@id":"https:\/\/secure.gravatar.com\/avatar\/1d699a22ddc86727c93b8be49a2bf811457b4a1947543d7023ad344be400fbcb?s=96&d=mm&r=g","url":"https:\/\/secure.gravatar.com\/avatar\/1d699a22ddc86727c93b8be49a2bf811457b4a1947543d7023ad344be400fbcb?s=96&d=mm&r=g","contentUrl":"https:\/\/secure.gravatar.com\/avatar\/1d699a22ddc86727c93b8be49a2bf811457b4a1947543d7023ad344be400fbcb?s=96&d=mm&r=g","caption":"nicklas@16000.se"},"sameAs":["https:\/\/svenskahogtider.se"],"url":"https:\/\/svenskahogtider.se\/jul\/author\/nicklas16000-se\/"}]}},"_links":{"self":[{"href":"https:\/\/svenskahogtider.se\/jul\/wp-json\/wp\/v2\/posts\/302","targetHints":{"allow":["GET"]}}],"collection":[{"href":"https:\/\/svenskahogtider.se\/jul\/wp-json\/wp\/v2\/posts"}],"about":[{"href":"https:\/\/svenskahogtider.se\/jul\/wp-json\/wp\/v2\/types\/post"}],"author":[{"embeddable":true,"href":"https:\/\/svenskahogtider.se\/jul\/wp-json\/wp\/v2\/users\/1"}],"replies":[{"embeddable":true,"href":"https:\/\/svenskahogtider.se\/jul\/wp-json\/wp\/v2\/comments?post=302"}],"version-history":[{"count":1,"href":"https:\/\/svenskahogtider.se\/jul\/wp-json\/wp\/v2\/posts\/302\/revisions"}],"predecessor-version":[{"id":303,"href":"https:\/\/svenskahogtider.se\/jul\/wp-json\/wp\/v2\/posts\/302\/revisions\/303"}],"wp:featuredmedia":[{"embeddable":true,"href":"https:\/\/svenskahogtider.se\/jul\/wp-json\/wp\/v2\/media\/127"}],"wp:attachment":[{"href":"https:\/\/svenskahogtider.se\/jul\/wp-json\/wp\/v2\/media?parent=302"}],"wp:term":[{"taxonomy":"category","embeddable":true,"href":"https:\/\/svenskahogtider.se\/jul\/wp-json\/wp\/v2\/categories?post=302"},{"taxonomy":"post_tag","embeddable":true,"href":"https:\/\/svenskahogtider.se\/jul\/wp-json\/wp\/v2\/tags?post=302"}],"curies":[{"name":"wp","href":"https:\/\/api.w.org\/{rel}","templated":true}]}}