{"id":199,"date":"2025-07-29T15:45:22","date_gmt":"2025-07-29T13:45:22","guid":{"rendered":"https:\/\/svenskahogtider.se\/jul\/?p=199"},"modified":"2025-11-23T23:10:38","modified_gmt":"2025-11-23T22:10:38","slug":"alla-julkalendrar-i-tv","status":"publish","type":"post","link":"https:\/\/svenskahogtider.se\/jul\/traditioner\/alla-julkalendrar-i-tv\/","title":{"rendered":"Alla julkalendrar i TV"},"content":{"rendered":"\n<p><a href=\"https:\/\/svenskahogtider.se\/jul\/traditioner\/julkalender\/\">Julkalendern<\/a> p\u00e5 TV \u00e4r en \u00e4lskad svensk tradition som startade 1960 med programmet&nbsp;<strong>\u201dTitteliture\u201d<\/strong>&nbsp;i Sveriges Television. Konceptet bygger p\u00e5 en f\u00f6ljetong i 24 avsnitt, ett f\u00f6r varje dag i december fram till julafton. Programmen riktar sig fr\u00e4mst till barn, men m\u00e5nga vuxna f\u00f6ljer dem med minst lika stort intresse, ofta av nostalgiska sk\u00e4l.<\/p>\n\n\n\n<p>Varje \u00e5r presenteras en ny ber\u00e4ttelse, ibland baserad p\u00e5 klassiska sagor och ibland helt nyskriven. M\u00e5nga julkalendrar har blivit ikoniska, som&nbsp;<em>\u201dTeskedsgumman\u201d<\/em>&nbsp;(1967),&nbsp;<em>\u201dMysteriet p\u00e5 Greveholm\u201d<\/em>&nbsp;(1996) och&nbsp;<em>\u201dTjuvarnas jul\u201d<\/em>&nbsp;(2011). Produktionen kombinerar ofta underh\u00e5llning med pedagogiska inslag, vilket g\u00f6r att den b\u00e5de roar och engagerar.<\/p>\n\n\n\n<p>Julkalendern har utvecklats genom \u00e5ren. Fr\u00e5n att ha spelats in i enklare studioformat p\u00e5 1960-talet har den i dag avancerade milj\u00f6er, p\u00e5kostade specialeffekter och professionella sk\u00e5despelare. F\u00f6rutom TV-programmet finns \u00e4ven den tryckta papperskalendern, d\u00e4r barnen kan \u00f6ppna en lucka varje dag och se en bild som anknyter till dagens avsnitt.<\/p>\n\n\n\n<p>Traditionen har blivit en sj\u00e4lvklar del av den svenska julen, och f\u00f6r m\u00e5nga b\u00f6rjar nedr\u00e4kningen till h\u00f6gtiden f\u00f6rst n\u00e4r f\u00f6rsta avsnittet s\u00e4nds den 1 december.<\/p>\n\n\n\n<h3 class=\"wp-block-heading\">Alla julkalendrar som s\u00e4nts p\u00e5 SVT<\/h3>\n\n\n\n<p><strong>1960<\/strong>&nbsp;\u2013 Titteliture&nbsp;<\/p>\n\n\n\n<p><strong>1961<\/strong>&nbsp;\u2013 Julb\u00e5ten Juliana&nbsp;<\/p>\n\n\n\n<p><strong>1962<\/strong>&nbsp;\u2013 Tomtefamiljen i Storskogen&nbsp;<\/p>\n\n\n\n<p><strong>1963<\/strong>&nbsp;\u2013 Den t\u00e4nkande brevb\u00e4raren&nbsp;<\/p>\n\n\n\n<p><strong>1964<\/strong>&nbsp;\u2013 Lill\u2011Stina p\u00e5 reportage i Storskogen&nbsp;<\/p>\n\n\n\n<p><strong>1965<\/strong>&nbsp;\u2013 Farbror Pekkas handelsbod&nbsp;<\/p>\n\n\n\n<p><strong>1966<\/strong>&nbsp;\u2013 En sm\u00e5stad vid seklets b\u00f6rjan&nbsp;<\/p>\n\n\n\n<p><strong>1967<\/strong>&nbsp;\u2013 Gumman som blev liten som en tesked (Teskedsgumman)&nbsp;<\/p>\n\n\n\n<p><strong>1968<\/strong>&nbsp;\u2013 Klart sp\u00e5r till Tomteboda&nbsp;<\/p>\n\n\n\n<p><strong>1969<\/strong>&nbsp;\u2013 Herkules Jonssons storverk&nbsp;&#8211; <a href=\"https:\/\/www.svtplay.se\/herkules-jonssons-storverk\">se Herkules Johnssons storverk p\u00e5 SVT Play<\/a><\/p>\n\n\n\n<p><strong>1970<\/strong>&nbsp;\u2013 Regnb\u00e5gslandet<\/p>\n\n\n\n<p><strong>1971<\/strong>&nbsp;\u2013 Broster Broster!&nbsp;<\/p>\n\n\n\n<p><strong>1972<\/strong>&nbsp;\u2013 Barnen i H\u00f6jden&nbsp;<\/p>\n\n\n\n<p><strong>1973<\/strong>&nbsp;\u2013 Mumindalen&nbsp;<\/p>\n\n\n\n<p><strong>1974<\/strong>&nbsp;\u2013 Rulle p\u00e5 Rullser\u00f6d&nbsp;<\/p>\n\n\n\n<p><strong>1975<\/strong>&nbsp;\u2013 L\u00e5ngtradarchauff\u00f6rens ber\u00e4ttelser&nbsp;<\/p>\n\n\n\n<p><strong>1976<\/strong>&nbsp;\u2013 Gumman som blev liten som en tesked (repris 1967)&nbsp;<\/p>\n\n\n\n<p><strong>1977<\/strong>&nbsp;\u2013 Fem myror \u00e4r fler \u00e4n fyra elefanter&nbsp;<\/p>\n\n\n\n<p><strong>1978<\/strong>&nbsp;\u2013 Julius Julsk\u00f6tare (ofta kallad Julkalendern eller Kalenderhuset)<\/p>\n\n\n\n<p><strong>1979<\/strong>&nbsp;\u2013 Trolltider&nbsp;&#8211; <a href=\"https:\/\/www.svtplay.se\/trolltider\">se julkalendern Trolltider p\u00e5 SVT Play<\/a><\/p>\n\n\n\n<p><strong>1980<\/strong>&nbsp;\u2013 Det blir jul p\u00e5 M\u00f6lleg\u00e5rden&nbsp;<\/p>\n\n\n\n<p><strong>1981<\/strong>&nbsp;\u2013 Stj\u00e4rnhuset &#8211; <a href=\"https:\/\/www.svtplay.se\/stjarnhuset\">se julkalendern Stj\u00e4rnhuset p\u00e5 SVT Play<\/a><\/p>\n\n\n\n<p><strong>1982<\/strong>&nbsp;\u2013 Albert &amp; Herberts julkalender&nbsp;&#8211; <a href=\"https:\/\/www.svtplay.se\/albert-och-herberts-julkalender-1\">se Albert och Herbert p\u00e5 SVT Play<\/a><\/p>\n\n\n\n<p><strong>1983<\/strong>&nbsp;\u2013 Lille Luj och \u00c4nglaljus i Strumpornas hus&nbsp;<\/p>\n\n\n\n<p><strong>1984<\/strong>&nbsp;\u2013 Julstrul med Staffan &amp; Bengt&nbsp;<\/p>\n\n\n\n<p><strong>1985<\/strong>&nbsp;\u2013 Trolltider med trollkalender (repris av 1979)&nbsp;<\/p>\n\n\n\n<p><strong>1986<\/strong>&nbsp;\u2013 Julpussar och stj\u00e4rnsm\u00e4llar&nbsp;<\/p>\n\n\n\n<p><strong>1987<\/strong>&nbsp;\u2013 Marias barn&nbsp;<\/p>\n\n\n\n<p><strong>1988<\/strong>&nbsp;\u2013 Liv i luckan med julkalendern&nbsp;<\/p>\n\n\n\n<p><strong>1989<\/strong>&nbsp;\u2013 Ture Sventon privatdetektiv och \u00e4ven Julexpressen samma \u00e5r&nbsp;&#8211; <a href=\"https:\/\/www.svtplay.se\/ture-sventon-privatdetektiv\">se Ture Sventon SVT Play<\/a><\/p>\n\n\n\n<p><strong>1990<\/strong>&nbsp;\u2013 Kurt Olssons julkalender&nbsp;<\/p>\n\n\n\n<p><strong>1991<\/strong>&nbsp;\u2013 Sunes jul&nbsp;<\/p>\n\n\n\n<p><strong>1992<\/strong>&nbsp;\u2013 Klasses julkalender&nbsp;<\/p>\n\n\n\n<p><strong>1993<\/strong>&nbsp;\u2013 Tomtemaskinen&nbsp;<\/p>\n\n\n\n<p><strong>1994<\/strong>&nbsp;\u2013 H\u00e5ll huvet kallt&nbsp;<\/p>\n\n\n\n<p><strong>1995<\/strong>&nbsp;\u2013 Jul i Kapernaum&nbsp;<\/p>\n\n\n\n<p><strong>1996<\/strong>&nbsp;\u2013 Mysteriet p\u00e5 Greveholm&nbsp;&#8211; <a href=\"https:\/\/www.svtplay.se\/mysteriet-pa-greveholm\">se Mysteriet p\u00e5 Greveholm p\u00e5 SVT Play<\/a><\/p>\n\n\n\n<p><strong>1997<\/strong>&nbsp;\u2013 Pelle Svansl\u00f6s&nbsp;<\/p>\n\n\n\n<p><strong>1998<\/strong>&nbsp;\u2013 N\u00e4r karusellerna sover&nbsp;<\/p>\n\n\n\n<p><strong>1999<\/strong>&nbsp;\u2013 Julens hj\u00e4ltar&nbsp;&#8211; <a href=\"https:\/\/www.svtplay.se\/julens-hjaltar\">se Julens Hj\u00e4ltar p\u00e5 SVT Play<\/a><\/p>\n\n\n\n<p><strong>2000<\/strong>&nbsp;\u2013 Ronny &amp; Julia&nbsp;<\/p>\n\n\n\n<p><strong>2001<\/strong>&nbsp;\u2013 Kaspar i Nud\u00e5dalen&nbsp;<\/p>\n\n\n\n<p><strong>2002<\/strong>&nbsp;\u2013 Dieselr\u00e5ttor och sj\u00f6mansm\u00f6ss&nbsp;<\/p>\n\n\n\n<p><strong>2003<\/strong>&nbsp;\u2013 H\u00e5kan Br\u00e5kan&nbsp;<\/p>\n\n\n\n<p><strong>2004<\/strong>&nbsp;\u2013 Allrams h\u00f6jdarpaket&nbsp;<\/p>\n\n\n\n<p><strong>2005<\/strong>&nbsp;\u2013 En decemberdr\u00f6m&nbsp;<\/p>\n\n\n\n<p><strong>2006<\/strong>&nbsp;\u2013 Lassemajas detektivbyr\u00e5&nbsp;<\/p>\n\n\n\n<p><strong>2007<\/strong>&nbsp;\u2013 En riktig jul&nbsp;<\/p>\n\n\n\n<p><strong>2008<\/strong>&nbsp;\u2013 Sk\u00e4gget i brevl\u00e5dan&nbsp;<\/p>\n\n\n\n<p><strong>2009<\/strong>&nbsp;\u2013 Superhj\u00e4ltejul&nbsp;<\/p>\n\n\n\n<p><strong>2010<\/strong>&nbsp;\u2013 Hotell Gyllene Knorren&nbsp;<\/p>\n\n\n\n<p><strong>2011<\/strong>&nbsp;\u2013 Tjuvarnas jul&nbsp;<\/p>\n\n\n\n<p><strong>2012<\/strong>&nbsp;\u2013 Mysteriet p\u00e5 Greveholm \u2013 Grevens \u00e5terkomst&nbsp;<\/p>\n\n\n\n<p><strong>2013<\/strong>&nbsp;\u2013 Barna Hedenh\u00f6s uppfinner julen&nbsp;<\/p>\n\n\n\n<p><strong>2014<\/strong>&nbsp;\u2013 Piratskattens hemlighet&nbsp;<\/p>\n\n\n\n<p><strong>2015<\/strong>&nbsp;\u2013 Tusen \u00e5r till julafton&nbsp;<\/p>\n\n\n\n<p><strong>2016<\/strong>&nbsp;\u2013 Selmas saga&nbsp;<\/p>\n\n\n\n<p><strong>2017<\/strong>&nbsp;\u2013 Jakten p\u00e5 tidskristallen&nbsp;<\/p>\n\n\n\n<p><strong>2018<\/strong>&nbsp;\u2013 Storm p\u00e5 Lugna gatan&nbsp;<\/p>\n\n\n\n<p><strong>2019<\/strong>&nbsp;\u2013 Panik i tomteverkstan&nbsp;<\/p>\n\n\n\n<p><strong>2020<\/strong>&nbsp;\u2013 Mirakel&nbsp;&#8211; s<a href=\"https:\/\/www.svtplay.se\/mirakel\">e julkalendern Mirakel p\u00e5 SVT Play<\/a><\/p>\n\n\n\n<p><strong>2021<\/strong>&nbsp;\u2013 En hederlig jul med Knyckertz&nbsp;<\/p>\n\n\n\n<p><strong>2022<\/strong>&nbsp;\u2013 Kronprinsen som f\u00f6rsvann&nbsp;<\/p>\n\n\n\n<p><strong>2023<\/strong>&nbsp;\u2013 Trolltider \u2013 legenden om Bergatrollet&nbsp;<\/p>\n\n\n\n<p><strong>2024<\/strong>&nbsp;\u2013 Sn\u00f6dr\u00f6mmar<\/p>\n\n\n\n<p><strong>2025<\/strong> &#8211; Tidstjuven<\/p>\n\n\n\n<h2 class=\"wp-block-heading\">Vilken kalender tycker du var b\u00e4st ?<\/h2>\n\n\n\n<p>L\u00e4mna en kommentar h\u00e4r nedan<\/p>\n\n\n\n<div class=\"wp-block-comments\"><h2 id=\"comments\" class=\"wp-block-comments-title\">Ett svar till \u201dAlla julkalendrar i TV\u201d<\/h2>\n\n<ol class=\"wp-block-comment-template\"><li id=\"comment-22\" class=\"comment even thread-even depth-1\">\n\n<div class=\"wp-block-columns is-layout-flex wp-container-core-columns-is-layout-28f84493 wp-block-columns-is-layout-flex\">\n<div class=\"wp-block-column is-layout-flow wp-block-column-is-layout-flow\" style=\"flex-basis:40px\"><div class=\"wp-block-avatar\"><img alt='Profilbild f\u00f6r Anna' src='https:\/\/secure.gravatar.com\/avatar\/f3a4d4f9e7f4b669822a75d38eb5987671a1b3dd1756d331a5306050e8cce766?s=40&#038;d=mm&#038;r=g' srcset='https:\/\/secure.gravatar.com\/avatar\/f3a4d4f9e7f4b669822a75d38eb5987671a1b3dd1756d331a5306050e8cce766?s=80&#038;d=mm&#038;r=g 2x' class='avatar avatar-40 photo wp-block-avatar__image' height='40' width='40'  style=\"border-radius:20px;\"\/><\/div><\/div>\n\n\n\n<div class=\"wp-block-column is-layout-flow wp-block-column-is-layout-flow\"><div class=\"wp-block-comment-author-name has-small-font-size\">Anna<\/div>\n\n\n<div class=\"wp-block-group is-layout-flex wp-block-group-is-layout-flex\" style=\"margin-top:0px;margin-bottom:0px\"><div class=\"wp-block-comment-date has-small-font-size\"><time datetime=\"2025-11-27T19:12:38+01:00\"><a href=\"https:\/\/svenskahogtider.se\/jul\/traditioner\/alla-julkalendrar-i-tv\/comment-page-1\/#comment-22\">27 november 2025<\/a><\/time><\/div>\n\n<\/div>\n\n\n<div class=\"wp-block-comment-content\"><p>Trolltider<br \/>\n(Jag var i perfekt \u00e5lder f\u00f6r just den kalendern d\u00e5 den gick. Inneh\u00f6ll lite sp\u00e4nning, lite saga, lite &#8221;ond-o-god&#8221;, h\u00e4ftiga figurer=)<\/p>\n<\/div>\n\n<div class=\"wp-block-comment-reply-link has-small-font-size\"><a rel=\"nofollow\" class=\"comment-reply-link\" href=\"#comment-22\" data-commentid=\"22\" data-postid=\"199\" data-belowelement=\"comment-22\" data-respondelement=\"respond\" data-replyto=\"Svar till Anna\" aria-label=\"Svar till Anna\">Svara<\/a><\/div><\/div>\n<\/div>\n\n<\/li><\/ol>\n\n\n\n\t<div id=\"respond\" class=\"comment-respond wp-block-post-comments-form\">\n\t\t<h3 id=\"reply-title\" class=\"comment-reply-title\">L\u00e4mna ett svar <small><a rel=\"nofollow\" id=\"cancel-comment-reply-link\" href=\"\/jul\/wp-json\/wp\/v2\/posts\/199#respond\" style=\"display:none;\">Avbryt svar<\/a><\/small><\/h3><form action=\"https:\/\/svenskahogtider.se\/jul\/wp-comments-post.php\" method=\"post\" id=\"commentform\" class=\"comment-form\"><p class=\"comment-notes\"><span id=\"email-notes\">Din e-postadress kommer inte publiceras.<\/span> <span class=\"required-field-message\">Obligatoriska f\u00e4lt \u00e4r m\u00e4rkta <span class=\"required\">*<\/span><\/span><\/p><p class=\"comment-form-comment\"><label for=\"comment\">Kommentar <span class=\"required\">*<\/span><\/label> <textarea id=\"comment\" name=\"comment\" cols=\"45\" rows=\"8\" maxlength=\"65525\" required><\/textarea><\/p><p class=\"comment-form-author\"><label for=\"author\">Namn <span class=\"required\">*<\/span><\/label> <input id=\"author\" name=\"author\" type=\"text\" value=\"\" size=\"30\" maxlength=\"245\" autocomplete=\"name\" required \/><\/p>\n<p class=\"comment-form-email\"><label for=\"email\">E-postadress <span class=\"required\">*<\/span><\/label> <input id=\"email\" name=\"email\" type=\"email\" value=\"\" size=\"30\" maxlength=\"100\" aria-describedby=\"email-notes\" autocomplete=\"email\" required \/><\/p>\n<p class=\"comment-form-url\"><label for=\"url\">Webbplats<\/label> <input id=\"url\" name=\"url\" type=\"url\" value=\"\" size=\"30\" maxlength=\"200\" autocomplete=\"url\" \/><\/p>\n<p class=\"comment-form-cookies-consent\"><input id=\"wp-comment-cookies-consent\" name=\"wp-comment-cookies-consent\" type=\"checkbox\" value=\"yes\" \/> <label for=\"wp-comment-cookies-consent\">Spara mitt namn, min e-postadress och webbplats i denna webbl\u00e4sare till n\u00e4sta g\u00e5ng jag skriver en kommentar.<\/label><\/p>\n<p class=\"form-submit\"><input name=\"submit\" type=\"submit\" id=\"submit\" class=\"submit\" value=\"Publicera kommentar\" \/> <input type='hidden' name='comment_post_ID' value='199' id='comment_post_ID' \/>\n<input type='hidden' name='comment_parent' id='comment_parent' value='0' \/>\n<\/p><\/form>\t<\/div><!-- #respond -->\n\t<\/div>\n","protected":false},"excerpt":{"rendered":"<p>Julkalendern p\u00e5 TV \u00e4r en \u00e4lskad svensk tradition som startade 1960 med programmet&nbsp;\u201dTitteliture\u201d&nbsp;i Sveriges Television. Konceptet bygger p\u00e5 en f\u00f6ljetong i 24 avsnitt, ett f\u00f6r varje dag i december fram till julafton. Programmen riktar sig fr\u00e4mst till barn, men m\u00e5nga vuxna f\u00f6ljer dem med minst lika stort intresse, ofta av nostalgiska sk\u00e4l. Varje \u00e5r presenteras [&hellip;]<\/p>\n","protected":false},"author":1,"featured_media":113,"comment_status":"open","ping_status":"open","sticky":false,"template":"","format":"standard","meta":{"_acf_changed":false,"footnotes":""},"categories":[3],"tags":[],"class_list":["post-199","post","type-post","status-publish","format-standard","has-post-thumbnail","hentry","category-traditioner"],"acf":[],"yoast_head":"<!-- This site is optimized with the Yoast SEO plugin v27.5 - https:\/\/yoast.com\/product\/yoast-seo-wordpress\/ -->\n<title>Alla julkalendrar som s\u00e4nts p\u00e5 TV - Jul<\/title>\n<meta name=\"description\" content=\"H\u00e4r hittar du listan \u00f6ver alla julkalendrar som s\u00e4nts i SVT sedan 1960. L\u00e4s mer om dessa och andra jultraditioner.\" \/>\n<meta name=\"robots\" content=\"index, follow, max-snippet:-1, max-image-preview:large, max-video-preview:-1\" \/>\n<link rel=\"canonical\" href=\"https:\/\/svenskahogtider.se\/jul\/traditioner\/alla-julkalendrar-i-tv\/\" \/>\n<meta property=\"og:locale\" content=\"sv_SE\" \/>\n<meta property=\"og:type\" content=\"article\" \/>\n<meta property=\"og:title\" content=\"Alla julkalendrar som s\u00e4nts p\u00e5 TV - Jul\" \/>\n<meta property=\"og:description\" content=\"H\u00e4r hittar du listan \u00f6ver alla julkalendrar som s\u00e4nts i SVT sedan 1960. L\u00e4s mer om dessa och andra jultraditioner.\" \/>\n<meta property=\"og:url\" content=\"https:\/\/svenskahogtider.se\/jul\/traditioner\/alla-julkalendrar-i-tv\/\" \/>\n<meta property=\"og:site_name\" content=\"Jul\" \/>\n<meta property=\"article:published_time\" content=\"2025-07-29T13:45:22+00:00\" \/>\n<meta property=\"article:modified_time\" content=\"2025-11-23T22:10:38+00:00\" \/>\n<meta property=\"og:image\" content=\"https:\/\/svenskahogtider.se\/jul\/wp-content\/uploads\/sites\/3\/2025\/04\/genrebild-julkalender-barn-1024x683.png\" \/>\n\t<meta property=\"og:image:width\" content=\"1024\" \/>\n\t<meta property=\"og:image:height\" content=\"683\" \/>\n\t<meta property=\"og:image:type\" content=\"image\/png\" \/>\n<meta name=\"author\" content=\"nicklas@16000.se\" \/>\n<meta name=\"twitter:card\" content=\"summary_large_image\" \/>\n<meta name=\"twitter:label1\" content=\"Skriven av\" \/>\n\t<meta name=\"twitter:data1\" content=\"nicklas@16000.se\" \/>\n\t<meta name=\"twitter:label2\" content=\"Ber\u00e4knad l\u00e4stid\" \/>\n\t<meta name=\"twitter:data2\" content=\"3 minuter\" \/>\n<script type=\"application\/ld+json\" class=\"yoast-schema-graph\">{\"@context\":\"https:\\\/\\\/schema.org\",\"@graph\":[{\"@type\":\"Article\",\"@id\":\"https:\\\/\\\/svenskahogtider.se\\\/jul\\\/traditioner\\\/alla-julkalendrar-i-tv\\\/#article\",\"isPartOf\":{\"@id\":\"https:\\\/\\\/svenskahogtider.se\\\/jul\\\/traditioner\\\/alla-julkalendrar-i-tv\\\/\"},\"author\":{\"name\":\"nicklas@16000.se\",\"@id\":\"https:\\\/\\\/svenskahogtider.se\\\/jul\\\/#\\\/schema\\\/person\\\/e70b2abc5cbaaa0e031e31843a1ae26b\"},\"headline\":\"Alla julkalendrar i TV\",\"datePublished\":\"2025-07-29T13:45:22+00:00\",\"dateModified\":\"2025-11-23T22:10:38+00:00\",\"mainEntityOfPage\":{\"@id\":\"https:\\\/\\\/svenskahogtider.se\\\/jul\\\/traditioner\\\/alla-julkalendrar-i-tv\\\/\"},\"wordCount\":666,\"commentCount\":1,\"image\":{\"@id\":\"https:\\\/\\\/svenskahogtider.se\\\/jul\\\/traditioner\\\/alla-julkalendrar-i-tv\\\/#primaryimage\"},\"thumbnailUrl\":\"https:\\\/\\\/svenskahogtider.se\\\/jul\\\/wp-content\\\/uploads\\\/sites\\\/3\\\/2025\\\/04\\\/genrebild-julkalender-barn.png\",\"articleSection\":[\"Traditioner\"],\"inLanguage\":\"sv-SE\",\"potentialAction\":[{\"@type\":\"CommentAction\",\"name\":\"Comment\",\"target\":[\"https:\\\/\\\/svenskahogtider.se\\\/jul\\\/traditioner\\\/alla-julkalendrar-i-tv\\\/#respond\"]}]},{\"@type\":\"WebPage\",\"@id\":\"https:\\\/\\\/svenskahogtider.se\\\/jul\\\/traditioner\\\/alla-julkalendrar-i-tv\\\/\",\"url\":\"https:\\\/\\\/svenskahogtider.se\\\/jul\\\/traditioner\\\/alla-julkalendrar-i-tv\\\/\",\"name\":\"Alla julkalendrar som s\u00e4nts p\u00e5 TV - Jul\",\"isPartOf\":{\"@id\":\"https:\\\/\\\/svenskahogtider.se\\\/jul\\\/#website\"},\"primaryImageOfPage\":{\"@id\":\"https:\\\/\\\/svenskahogtider.se\\\/jul\\\/traditioner\\\/alla-julkalendrar-i-tv\\\/#primaryimage\"},\"image\":{\"@id\":\"https:\\\/\\\/svenskahogtider.se\\\/jul\\\/traditioner\\\/alla-julkalendrar-i-tv\\\/#primaryimage\"},\"thumbnailUrl\":\"https:\\\/\\\/svenskahogtider.se\\\/jul\\\/wp-content\\\/uploads\\\/sites\\\/3\\\/2025\\\/04\\\/genrebild-julkalender-barn.png\",\"datePublished\":\"2025-07-29T13:45:22+00:00\",\"dateModified\":\"2025-11-23T22:10:38+00:00\",\"author\":{\"@id\":\"https:\\\/\\\/svenskahogtider.se\\\/jul\\\/#\\\/schema\\\/person\\\/e70b2abc5cbaaa0e031e31843a1ae26b\"},\"description\":\"H\u00e4r hittar du listan \u00f6ver alla julkalendrar som s\u00e4nts i SVT sedan 1960. L\u00e4s mer om dessa och andra jultraditioner.\",\"breadcrumb\":{\"@id\":\"https:\\\/\\\/svenskahogtider.se\\\/jul\\\/traditioner\\\/alla-julkalendrar-i-tv\\\/#breadcrumb\"},\"inLanguage\":\"sv-SE\",\"potentialAction\":[{\"@type\":\"ReadAction\",\"target\":[\"https:\\\/\\\/svenskahogtider.se\\\/jul\\\/traditioner\\\/alla-julkalendrar-i-tv\\\/\"]}]},{\"@type\":\"ImageObject\",\"inLanguage\":\"sv-SE\",\"@id\":\"https:\\\/\\\/svenskahogtider.se\\\/jul\\\/traditioner\\\/alla-julkalendrar-i-tv\\\/#primaryimage\",\"url\":\"https:\\\/\\\/svenskahogtider.se\\\/jul\\\/wp-content\\\/uploads\\\/sites\\\/3\\\/2025\\\/04\\\/genrebild-julkalender-barn.png\",\"contentUrl\":\"https:\\\/\\\/svenskahogtider.se\\\/jul\\\/wp-content\\\/uploads\\\/sites\\\/3\\\/2025\\\/04\\\/genrebild-julkalender-barn.png\",\"width\":1536,\"height\":1024,\"caption\":\"julkalender\"},{\"@type\":\"BreadcrumbList\",\"@id\":\"https:\\\/\\\/svenskahogtider.se\\\/jul\\\/traditioner\\\/alla-julkalendrar-i-tv\\\/#breadcrumb\",\"itemListElement\":[{\"@type\":\"ListItem\",\"position\":1,\"name\":\"Hem\",\"item\":\"https:\\\/\\\/svenskahogtider.se\\\/jul\\\/\"},{\"@type\":\"ListItem\",\"position\":2,\"name\":\"Alla julkalendrar i TV\"}]},{\"@type\":\"WebSite\",\"@id\":\"https:\\\/\\\/svenskahogtider.se\\\/jul\\\/#website\",\"url\":\"https:\\\/\\\/svenskahogtider.se\\\/jul\\\/\",\"name\":\"Jul\",\"description\":\"\",\"potentialAction\":[{\"@type\":\"SearchAction\",\"target\":{\"@type\":\"EntryPoint\",\"urlTemplate\":\"https:\\\/\\\/svenskahogtider.se\\\/jul\\\/?s={search_term_string}\"},\"query-input\":{\"@type\":\"PropertyValueSpecification\",\"valueRequired\":true,\"valueName\":\"search_term_string\"}}],\"inLanguage\":\"sv-SE\"},{\"@type\":\"Person\",\"@id\":\"https:\\\/\\\/svenskahogtider.se\\\/jul\\\/#\\\/schema\\\/person\\\/e70b2abc5cbaaa0e031e31843a1ae26b\",\"name\":\"nicklas@16000.se\",\"image\":{\"@type\":\"ImageObject\",\"inLanguage\":\"sv-SE\",\"@id\":\"https:\\\/\\\/secure.gravatar.com\\\/avatar\\\/1d699a22ddc86727c93b8be49a2bf811457b4a1947543d7023ad344be400fbcb?s=96&d=mm&r=g\",\"url\":\"https:\\\/\\\/secure.gravatar.com\\\/avatar\\\/1d699a22ddc86727c93b8be49a2bf811457b4a1947543d7023ad344be400fbcb?s=96&d=mm&r=g\",\"contentUrl\":\"https:\\\/\\\/secure.gravatar.com\\\/avatar\\\/1d699a22ddc86727c93b8be49a2bf811457b4a1947543d7023ad344be400fbcb?s=96&d=mm&r=g\",\"caption\":\"nicklas@16000.se\"},\"sameAs\":[\"https:\\\/\\\/svenskahogtider.se\"],\"url\":\"https:\\\/\\\/svenskahogtider.se\\\/jul\\\/author\\\/nicklas16000-se\\\/\"}]}<\/script>\n<!-- \/ Yoast SEO plugin. -->","yoast_head_json":{"title":"Alla julkalendrar som s\u00e4nts p\u00e5 TV - Jul","description":"H\u00e4r hittar du listan \u00f6ver alla julkalendrar som s\u00e4nts i SVT sedan 1960. L\u00e4s mer om dessa och andra jultraditioner.","robots":{"index":"index","follow":"follow","max-snippet":"max-snippet:-1","max-image-preview":"max-image-preview:large","max-video-preview":"max-video-preview:-1"},"canonical":"https:\/\/svenskahogtider.se\/jul\/traditioner\/alla-julkalendrar-i-tv\/","og_locale":"sv_SE","og_type":"article","og_title":"Alla julkalendrar som s\u00e4nts p\u00e5 TV - Jul","og_description":"H\u00e4r hittar du listan \u00f6ver alla julkalendrar som s\u00e4nts i SVT sedan 1960. L\u00e4s mer om dessa och andra jultraditioner.","og_url":"https:\/\/svenskahogtider.se\/jul\/traditioner\/alla-julkalendrar-i-tv\/","og_site_name":"Jul","article_published_time":"2025-07-29T13:45:22+00:00","article_modified_time":"2025-11-23T22:10:38+00:00","og_image":[{"width":1024,"height":683,"url":"https:\/\/svenskahogtider.se\/jul\/wp-content\/uploads\/sites\/3\/2025\/04\/genrebild-julkalender-barn-1024x683.png","type":"image\/png"}],"author":"nicklas@16000.se","twitter_card":"summary_large_image","twitter_misc":{"Skriven av":"nicklas@16000.se","Ber\u00e4knad l\u00e4stid":"3 minuter"},"schema":{"@context":"https:\/\/schema.org","@graph":[{"@type":"Article","@id":"https:\/\/svenskahogtider.se\/jul\/traditioner\/alla-julkalendrar-i-tv\/#article","isPartOf":{"@id":"https:\/\/svenskahogtider.se\/jul\/traditioner\/alla-julkalendrar-i-tv\/"},"author":{"name":"nicklas@16000.se","@id":"https:\/\/svenskahogtider.se\/jul\/#\/schema\/person\/e70b2abc5cbaaa0e031e31843a1ae26b"},"headline":"Alla julkalendrar i TV","datePublished":"2025-07-29T13:45:22+00:00","dateModified":"2025-11-23T22:10:38+00:00","mainEntityOfPage":{"@id":"https:\/\/svenskahogtider.se\/jul\/traditioner\/alla-julkalendrar-i-tv\/"},"wordCount":666,"commentCount":1,"image":{"@id":"https:\/\/svenskahogtider.se\/jul\/traditioner\/alla-julkalendrar-i-tv\/#primaryimage"},"thumbnailUrl":"https:\/\/svenskahogtider.se\/jul\/wp-content\/uploads\/sites\/3\/2025\/04\/genrebild-julkalender-barn.png","articleSection":["Traditioner"],"inLanguage":"sv-SE","potentialAction":[{"@type":"CommentAction","name":"Comment","target":["https:\/\/svenskahogtider.se\/jul\/traditioner\/alla-julkalendrar-i-tv\/#respond"]}]},{"@type":"WebPage","@id":"https:\/\/svenskahogtider.se\/jul\/traditioner\/alla-julkalendrar-i-tv\/","url":"https:\/\/svenskahogtider.se\/jul\/traditioner\/alla-julkalendrar-i-tv\/","name":"Alla julkalendrar som s\u00e4nts p\u00e5 TV - Jul","isPartOf":{"@id":"https:\/\/svenskahogtider.se\/jul\/#website"},"primaryImageOfPage":{"@id":"https:\/\/svenskahogtider.se\/jul\/traditioner\/alla-julkalendrar-i-tv\/#primaryimage"},"image":{"@id":"https:\/\/svenskahogtider.se\/jul\/traditioner\/alla-julkalendrar-i-tv\/#primaryimage"},"thumbnailUrl":"https:\/\/svenskahogtider.se\/jul\/wp-content\/uploads\/sites\/3\/2025\/04\/genrebild-julkalender-barn.png","datePublished":"2025-07-29T13:45:22+00:00","dateModified":"2025-11-23T22:10:38+00:00","author":{"@id":"https:\/\/svenskahogtider.se\/jul\/#\/schema\/person\/e70b2abc5cbaaa0e031e31843a1ae26b"},"description":"H\u00e4r hittar du listan \u00f6ver alla julkalendrar som s\u00e4nts i SVT sedan 1960. L\u00e4s mer om dessa och andra jultraditioner.","breadcrumb":{"@id":"https:\/\/svenskahogtider.se\/jul\/traditioner\/alla-julkalendrar-i-tv\/#breadcrumb"},"inLanguage":"sv-SE","potentialAction":[{"@type":"ReadAction","target":["https:\/\/svenskahogtider.se\/jul\/traditioner\/alla-julkalendrar-i-tv\/"]}]},{"@type":"ImageObject","inLanguage":"sv-SE","@id":"https:\/\/svenskahogtider.se\/jul\/traditioner\/alla-julkalendrar-i-tv\/#primaryimage","url":"https:\/\/svenskahogtider.se\/jul\/wp-content\/uploads\/sites\/3\/2025\/04\/genrebild-julkalender-barn.png","contentUrl":"https:\/\/svenskahogtider.se\/jul\/wp-content\/uploads\/sites\/3\/2025\/04\/genrebild-julkalender-barn.png","width":1536,"height":1024,"caption":"julkalender"},{"@type":"BreadcrumbList","@id":"https:\/\/svenskahogtider.se\/jul\/traditioner\/alla-julkalendrar-i-tv\/#breadcrumb","itemListElement":[{"@type":"ListItem","position":1,"name":"Hem","item":"https:\/\/svenskahogtider.se\/jul\/"},{"@type":"ListItem","position":2,"name":"Alla julkalendrar i TV"}]},{"@type":"WebSite","@id":"https:\/\/svenskahogtider.se\/jul\/#website","url":"https:\/\/svenskahogtider.se\/jul\/","name":"Jul","description":"","potentialAction":[{"@type":"SearchAction","target":{"@type":"EntryPoint","urlTemplate":"https:\/\/svenskahogtider.se\/jul\/?s={search_term_string}"},"query-input":{"@type":"PropertyValueSpecification","valueRequired":true,"valueName":"search_term_string"}}],"inLanguage":"sv-SE"},{"@type":"Person","@id":"https:\/\/svenskahogtider.se\/jul\/#\/schema\/person\/e70b2abc5cbaaa0e031e31843a1ae26b","name":"nicklas@16000.se","image":{"@type":"ImageObject","inLanguage":"sv-SE","@id":"https:\/\/secure.gravatar.com\/avatar\/1d699a22ddc86727c93b8be49a2bf811457b4a1947543d7023ad344be400fbcb?s=96&d=mm&r=g","url":"https:\/\/secure.gravatar.com\/avatar\/1d699a22ddc86727c93b8be49a2bf811457b4a1947543d7023ad344be400fbcb?s=96&d=mm&r=g","contentUrl":"https:\/\/secure.gravatar.com\/avatar\/1d699a22ddc86727c93b8be49a2bf811457b4a1947543d7023ad344be400fbcb?s=96&d=mm&r=g","caption":"nicklas@16000.se"},"sameAs":["https:\/\/svenskahogtider.se"],"url":"https:\/\/svenskahogtider.se\/jul\/author\/nicklas16000-se\/"}]}},"_links":{"self":[{"href":"https:\/\/svenskahogtider.se\/jul\/wp-json\/wp\/v2\/posts\/199","targetHints":{"allow":["GET"]}}],"collection":[{"href":"https:\/\/svenskahogtider.se\/jul\/wp-json\/wp\/v2\/posts"}],"about":[{"href":"https:\/\/svenskahogtider.se\/jul\/wp-json\/wp\/v2\/types\/post"}],"author":[{"embeddable":true,"href":"https:\/\/svenskahogtider.se\/jul\/wp-json\/wp\/v2\/users\/1"}],"replies":[{"embeddable":true,"href":"https:\/\/svenskahogtider.se\/jul\/wp-json\/wp\/v2\/comments?post=199"}],"version-history":[{"count":9,"href":"https:\/\/svenskahogtider.se\/jul\/wp-json\/wp\/v2\/posts\/199\/revisions"}],"predecessor-version":[{"id":375,"href":"https:\/\/svenskahogtider.se\/jul\/wp-json\/wp\/v2\/posts\/199\/revisions\/375"}],"wp:featuredmedia":[{"embeddable":true,"href":"https:\/\/svenskahogtider.se\/jul\/wp-json\/wp\/v2\/media\/113"}],"wp:attachment":[{"href":"https:\/\/svenskahogtider.se\/jul\/wp-json\/wp\/v2\/media?parent=199"}],"wp:term":[{"taxonomy":"category","embeddable":true,"href":"https:\/\/svenskahogtider.se\/jul\/wp-json\/wp\/v2\/categories?post=199"},{"taxonomy":"post_tag","embeddable":true,"href":"https:\/\/svenskahogtider.se\/jul\/wp-json\/wp\/v2\/tags?post=199"}],"curies":[{"name":"wp","href":"https:\/\/api.w.org\/{rel}","templated":true}]}}